{"id":448334,"date":"2025-08-01T07:06:06","date_gmt":"2025-08-01T11:06:06","guid":{"rendered":"https:\/\/primermomento.com\/?p=448334"},"modified":"2025-08-01T07:06:06","modified_gmt":"2025-08-01T11:06:06","slug":"ibelka-urena-presenta-plancha-para-dirigir-seccional-del-cdp-ny","status":"publish","type":"post","link":"https:\/\/primermomento.com\/?p=448334","title":{"rendered":"Ibelka Ure\u00f1a presenta plancha para dirigir seccional del CDP-NY"},"content":{"rendered":"<div>\n<p><iframe loading=\"lazy\" title=\"Periodistas dominicanos en Nueva York presentan plancha Renacer por la Unidad y Acci\u00f3n\" width=\"696\" height=\"392\" src=\"https:\/\/www.youtube.com\/embed\/FLueqiXpT24?start=2&#038;feature=oembed\" frameborder=\"0\" allow=\"accelerometer; autoplay; clipboard-write; encrypted-media; gyroscope; picture-in-picture; web-share\" referrerpolicy=\"strict-origin-when-cross-origin\" allowfullscreen><\/iframe><\/p>\n<p>&nbsp;<\/p>\n<\/div>\n<div><em><b>Por <span style=\"color: #ff0000;\">Ram\u00f3n Mercedes<\/span><\/b><\/em><\/div>\n<div><\/div>\n<p>Nueva York, EEUU.-\u00a0Fue presentada oficialmente en esta ciudad la plancha \u201cRenacer por la Unidad y Acci\u00f3n\u201d, encabezada por la reconocida periodista Ibelka Ure\u00f1a, como Secretaria General, para dirigir la seccional del Colegio Dominicano de Periodistas (CDP) en Nueva York.<\/p>\n<p>Ure\u00f1a, cuenta con una amplia trayectoria en medios de comunicaci\u00f3n tanto en la RD como en NYC, y como profesional de la comunicaci\u00f3n goza del respeto y admiraci\u00f3n de sus colegas en el gremio.<\/p>\n<p><img loading=\"lazy\" decoding=\"async\" class=\"size-medium wp-image-448335 alignleft\" src=\"https:\/\/primermomento.com\/wp-content\/uploads\/2025\/08\/zzzzzzzzzzzzzzzzzzzzzzz-Ibelka-Urena-presenta-plancha-para-dirigir-seccional-del-CDP-NY-300x155.jpg\" alt=\"\" width=\"300\" height=\"155\" srcset=\"https:\/\/primermomento.com\/wp-content\/uploads\/2025\/08\/zzzzzzzzzzzzzzzzzzzzzzz-Ibelka-Urena-presenta-plancha-para-dirigir-seccional-del-CDP-NY-300x155.jpg 300w, https:\/\/primermomento.com\/wp-content\/uploads\/2025\/08\/zzzzzzzzzzzzzzzzzzzzzzz-Ibelka-Urena-presenta-plancha-para-dirigir-seccional-del-CDP-NY-1024x530.jpg 1024w, https:\/\/primermomento.com\/wp-content\/uploads\/2025\/08\/zzzzzzzzzzzzzzzzzzzzzzz-Ibelka-Urena-presenta-plancha-para-dirigir-seccional-del-CDP-NY-768x398.jpg 768w, https:\/\/primermomento.com\/wp-content\/uploads\/2025\/08\/zzzzzzzzzzzzzzzzzzzzzzz-Ibelka-Urena-presenta-plancha-para-dirigir-seccional-del-CDP-NY-696x361.jpg 696w, https:\/\/primermomento.com\/wp-content\/uploads\/2025\/08\/zzzzzzzzzzzzzzzzzzzzzzz-Ibelka-Urena-presenta-plancha-para-dirigir-seccional-del-CDP-NY.jpg 1052w\" sizes=\"auto, (max-width: 300px) 100vw, 300px\" \/>Su liderazgo se perfila como una propuesta integradora, con \u00e9nfasis en la unidad, el fortalecimiento institucional y la acci\u00f3n en favor de los periodistas dominicanos en la di\u00e1spora.<\/p>\n<p>La plancha est\u00e1 integrada por un equipo de periodistas comprometido con la instituci\u00f3n, entre ellos B\u00e9lgica Vargas, Roberto Francis, Zenith D\u00edaz, Gabriela Remigio, Luz Bregman y Mar\u00eda Ram\u00edrez, todos con vocaci\u00f3n de servicio en el \u00e1mbito period\u00edstico y comunitario.<\/p>\n<p>Las elecciones para escoger a la nueva directiva del CDP-NY se celebrar\u00e1n el viernes 29 del presente mes, de 10:00 a.m. hasta las 7:00 p.m., en la sede de la Fundaci\u00f3n Juan Pablo Duarte, ubicada en el 408 de de la avenida Fort Washington, entre las calles 178 y 179, en el Alto Manhattan.<\/p>\n<p>Durante la presentaci\u00f3n, Ure\u00f1a expres\u00f3 su compromiso de trabajar con transparencia, inclusi\u00f3n y cercan\u00eda a las necesidades del periodista dominicano en NY. \u201cEstamos aqu\u00ed para servir, unir y actuar en favor de la membres\u00eda del CDP. Este es un proyecto de todos\u201d, afirm\u00f3.<\/p>\n<p>La plancha \u201cRenacer por la Unidad y Acci\u00f3n\u201d ha sido bien recibida por diversos sectores del periodismo local y comunitario, quienes ven en esta propuesta una oportunidad de renovaci\u00f3n y fortalecimiento institucional para la seccional neoyorquina.<\/p>\n","protected":false},"excerpt":{"rendered":"<p>&nbsp; Por Ram\u00f3n Mercedes Nueva York, EEUU.-\u00a0Fue presentada oficialmente en esta ciudad la plancha \u201cRenacer por la Unidad y Acci\u00f3n\u201d, encabezada por la reconocida periodista Ibelka Ure\u00f1a, como Secretaria General, para dirigir la seccional del Colegio Dominicano de Periodistas (CDP) en Nueva York. Ure\u00f1a, cuenta con una amplia trayectoria en medios de comunicaci\u00f3n tanto en [&hellip;]<\/p>\n","protected":false},"author":1,"featured_media":448335,"comment_status":"open","ping_status":"open","sticky":false,"template":"","format":"video","meta":{"_bbp_topic_count":0,"_bbp_reply_count":0,"_bbp_total_topic_count":0,"_bbp_total_reply_count":0,"_bbp_voice_count":0,"_bbp_anonymous_reply_count":0,"_bbp_topic_count_hidden":0,"_bbp_reply_count_hidden":0,"_bbp_forum_subforum_count":0,"footnotes":""},"categories":[40,106],"tags":[],"class_list":{"0":"post-448334","1":"post","2":"type-post","3":"status-publish","4":"format-video","5":"has-post-thumbnail","7":"category-comunidad","8":"category-video-news","9":"post_format-post-format-video"},"_links":{"self":[{"href":"https:\/\/primermomento.com\/index.php?rest_route=\/wp\/v2\/posts\/448334","targetHints":{"allow":["GET"]}}],"collection":[{"href":"https:\/\/primermomento.com\/index.php?rest_route=\/wp\/v2\/posts"}],"about":[{"href":"https:\/\/primermomento.com\/index.php?rest_route=\/wp\/v2\/types\/post"}],"author":[{"embeddable":true,"href":"https:\/\/primermomento.com\/index.php?rest_route=\/wp\/v2\/users\/1"}],"replies":[{"embeddable":true,"href":"https:\/\/primermomento.com\/index.php?rest_route=%2Fwp%2Fv2%2Fcomments&post=448334"}],"version-history":[{"count":1,"href":"https:\/\/primermomento.com\/index.php?rest_route=\/wp\/v2\/posts\/448334\/revisions"}],"predecessor-version":[{"id":448336,"href":"https:\/\/primermomento.com\/index.php?rest_route=\/wp\/v2\/posts\/448334\/revisions\/448336"}],"wp:featuredmedia":[{"embeddable":true,"href":"https:\/\/primermomento.com\/index.php?rest_route=\/wp\/v2\/media\/448335"}],"wp:attachment":[{"href":"https:\/\/primermomento.com\/index.php?rest_route=%2Fwp%2Fv2%2Fmedia&parent=448334"}],"wp:term":[{"taxonomy":"category","embeddable":true,"href":"https:\/\/primermomento.com\/index.php?rest_route=%2Fwp%2Fv2%2Fcategories&post=448334"},{"taxonomy":"post_tag","embeddable":true,"href":"https:\/\/primermomento.com\/index.php?rest_route=%2Fwp%2Fv2%2Ftags&post=448334"}],"curies":[{"name":"wp","href":"https:\/\/api.w.org\/{rel}","templated":true}]}}