{"id":448596,"date":"2025-08-04T18:56:26","date_gmt":"2025-08-04T22:56:26","guid":{"rendered":"https:\/\/primermomento.com\/?p=448596"},"modified":"2025-08-05T06:37:20","modified_gmt":"2025-08-05T10:37:20","slug":"presidente-abinader-instruye-a-la-dgcp-implementar-sistema-nacional-de-gestion-de-inventarios-en-el-estado","status":"publish","type":"post","link":"https:\/\/primermomento.com\/?p=448596","title":{"rendered":"Presidente Abinader instruye a la DGCP implementar sistema nacional de gesti\u00f3n de inventarios en el Estado"},"content":{"rendered":"<p><strong><em>Por <span style=\"color: #ff0000;\">Servicios de Primermomento.com<\/span><\/em><\/strong><\/p>\n<p>SANTO DOMINGO, Rep\u00fablica Dominicana.- El presidente Luis Abinader emiti\u00f3 el Decreto n\u00fam. <a href=\"https:\/\/primermomento.com\/wp-content\/uploads\/2025\/08\/Decreto-328-25.pdf\">Decreto 328-25<\/a>, mediante el cual instruye a la Direcci\u00f3n General de Contrataciones P\u00fablicas (DGCP) a dise\u00f1ar, implementar y administrar un Sistema \u00danico de Gesti\u00f3n de Inventarios de Bienes de Consumo para los entes y \u00f3rganos de la Administraci\u00f3n p\u00fablica que utilizan el Sistema Electr\u00f3nico de Contrataciones P\u00fablicas (SECP).<\/p>\n<p>Esta medida tiene como prop\u00f3sito\u00a0eliminar la duplicidad\u00a0en las compras, reducir el gasto innecesario y garantizar una gesti\u00f3n\u00a0m\u00e1s transparente, eficiente y trazable\u00a0del uso de los recursos p\u00fablicos.<\/p>\n<p>Con la implementaci\u00f3n del sistema, se busca corregir pr\u00e1cticas de escasa planificaci\u00f3n y promover una\u00a0Administraci\u00f3n p\u00fablica m\u00e1s ordenada, que integre la informaci\u00f3n de inventarios en sus procesos de\u00a0adquisici\u00f3n y presupuesto.<\/p>\n<p>La\u00a0DGCP\u00a0ser\u00e1 el\u00a0\u00f3rgano responsable\u00a0de liderar este cambio, asegurando que las instituciones p\u00fablicas realicen una evaluaci\u00f3n obligatoria de sus inventarios\u00a0antes de iniciar cualquier proceso de contrataci\u00f3n,\u00a0con el fin de verificar que exista una necesidad real.<\/p>\n<p>Esta verificaci\u00f3n previa contribuir\u00e1 a evitar\u00a0compras innecesarias o duplicadas, y garantizar\u00e1 un\u00a0uso racional\u00a0de los bienes disponibles, lo cual repercutir\u00e1 en la\u00a0eficiencia del gasto p\u00fablico\u00a0y en la sostenibilidad fiscal.<\/p>\n<p>Los\u00a0bienes de consumo\u00a0son los utilizados cotidianamente por las instituciones p\u00fablicas en la\u00a0prestaci\u00f3n de sus servicios, tales como papeler\u00eda, materiales de limpieza, insumos m\u00e9dicos, productos de mantenimiento, entre otros.<\/p>\n<p>El decreto tambi\u00e9n dispone que el nuevo sistema se integre al\u00a0Sistema Integrado de Administraci\u00f3n Financiera del Estado\u00a0(SIAFE), permitiendo que la informaci\u00f3n de inventarios sea considerada en la planificaci\u00f3n\u00a0financiera y presupuestaria\u00a0de las instituciones.<\/p>\n<p>La medida contempla la creaci\u00f3n de una\u00a0mesa t\u00e9cnica de coordinaci\u00f3n, bajo la direcci\u00f3n de la DGCP, que tendr\u00e1 a su cargo el desarrollo de los procesos de\u00a0registro, administraci\u00f3n y fiscalizaci\u00f3n\u00a0de estos bienes, as\u00ed como la definici\u00f3n de lineamientos contables, pol\u00edticas de almacenamiento y\u00a0mecanismos de seguimiento y auditor\u00eda\u00a0para asegurar su correcta gesti\u00f3n.<\/p>\n<p>Adem\u00e1s de la DGCP, la\u00a0mesa est\u00e1 conformada\u00a0por el Ministerio de\u00a0Hacienda, la\u00a0Contralor\u00eda General\u00a0de la Rep\u00fablica, la Direcci\u00f3n General de Presupuesto\u00a0(Digepr\u00e9s)\u00a0y la Direcci\u00f3n General de Contabilidad Gubernamental (Digecog).<\/p>\n<p>Con esta iniciativa, el\u00a0Gobierno dominicano\u00a0reafirma su compromiso con una gesti\u00f3n p\u00fablica\u00a0m\u00e1s eficiente, transparente\u00a0y alineada con las mejores pr\u00e1cticas internacionales en materia de\u00a0compras p\u00fablicas y control del gasto.<\/p>\n","protected":false},"excerpt":{"rendered":"<p>Por Servicios de Primermomento.com SANTO DOMINGO, Rep\u00fablica Dominicana.- El presidente Luis Abinader emiti\u00f3 el Decreto n\u00fam. Decreto 328-25, mediante el cual instruye a la Direcci\u00f3n General de Contrataciones P\u00fablicas (DGCP) a dise\u00f1ar, implementar y administrar un Sistema \u00danico de Gesti\u00f3n de Inventarios de Bienes de Consumo para los entes y \u00f3rganos de la Administraci\u00f3n p\u00fablica [&hellip;]<\/p>\n","protected":false},"author":1,"featured_media":448597,"comment_status":"open","ping_status":"open","sticky":false,"template":"","format":"standard","meta":{"_bbp_topic_count":0,"_bbp_reply_count":0,"_bbp_total_topic_count":0,"_bbp_total_reply_count":0,"_bbp_voice_count":0,"_bbp_anonymous_reply_count":0,"_bbp_topic_count_hidden":0,"_bbp_reply_count_hidden":0,"_bbp_forum_subforum_count":0,"footnotes":""},"categories":[35],"tags":[],"class_list":{"0":"post-448596","1":"post","2":"type-post","3":"status-publish","4":"format-standard","5":"has-post-thumbnail","7":"category-economia"},"_links":{"self":[{"href":"https:\/\/primermomento.com\/index.php?rest_route=\/wp\/v2\/posts\/448596","targetHints":{"allow":["GET"]}}],"collection":[{"href":"https:\/\/primermomento.com\/index.php?rest_route=\/wp\/v2\/posts"}],"about":[{"href":"https:\/\/primermomento.com\/index.php?rest_route=\/wp\/v2\/types\/post"}],"author":[{"embeddable":true,"href":"https:\/\/primermomento.com\/index.php?rest_route=\/wp\/v2\/users\/1"}],"replies":[{"embeddable":true,"href":"https:\/\/primermomento.com\/index.php?rest_route=%2Fwp%2Fv2%2Fcomments&post=448596"}],"version-history":[{"count":2,"href":"https:\/\/primermomento.com\/index.php?rest_route=\/wp\/v2\/posts\/448596\/revisions"}],"predecessor-version":[{"id":448600,"href":"https:\/\/primermomento.com\/index.php?rest_route=\/wp\/v2\/posts\/448596\/revisions\/448600"}],"wp:featuredmedia":[{"embeddable":true,"href":"https:\/\/primermomento.com\/index.php?rest_route=\/wp\/v2\/media\/448597"}],"wp:attachment":[{"href":"https:\/\/primermomento.com\/index.php?rest_route=%2Fwp%2Fv2%2Fmedia&parent=448596"}],"wp:term":[{"taxonomy":"category","embeddable":true,"href":"https:\/\/primermomento.com\/index.php?rest_route=%2Fwp%2Fv2%2Fcategories&post=448596"},{"taxonomy":"post_tag","embeddable":true,"href":"https:\/\/primermomento.com\/index.php?rest_route=%2Fwp%2Fv2%2Ftags&post=448596"}],"curies":[{"name":"wp","href":"https:\/\/api.w.org\/{rel}","templated":true}]}}