{"id":448712,"date":"2025-08-06T08:39:18","date_gmt":"2025-08-06T12:39:18","guid":{"rendered":"https:\/\/primermomento.com\/?p=448712"},"modified":"2025-08-06T11:44:12","modified_gmt":"2025-08-06T15:44:12","slug":"arancel-de-eeuu-amenaza-146-mil-empleos-en-brasil","status":"publish","type":"post","link":"https:\/\/primermomento.com\/?p=448712","title":{"rendered":"Arancel de EEUU amenaza 146 mil empleos en Brasil"},"content":{"rendered":"<p><strong><em>Por <span style=\"color: #ff0000;\">Prensa Latina<\/span><\/em><\/strong><\/p>\n<p>Brasilia, BRASIL.- La imposici\u00f3n desde hoy de un arancel del 50\u202fpor ciento por parte de Estados Unidos a productos nacionales, podr\u00eda provocar la p\u00e9rdida de hasta 146 mil empleos en Brasil en los pr\u00f3ximos dos a\u00f1os.<\/p>\n<div class=\"elementor-element elementor-element-0aea3a0 elementor-widget elementor-widget-theme-post-content\" data-id=\"0aea3a0\" data-element_type=\"widget\" data-widget_type=\"theme-post-content.default\">\n<div class=\"elementor-widget-container\">\n<p>As\u00ed lo estima la Federaci\u00f3n de Industrias del estado de Minas Gerais (sudeste), citada por el diario Folha de Sao Paulo.<\/p>\n<p>Todav\u00eda incipiente, el impacto ya empieza a sentirse en diversos sectores productivos y genera una reacci\u00f3n urgente por parte del empresariado y Gobierno brasile\u00f1o.<\/p>\n<p>El nuevo paquete arancelario de Washington afecta sectores clave como siderurgia, maquinaria, calzado, madera y alimentos procesados.<\/p>\n<p>La reacci\u00f3n en el gigante sudamericano ha sido inmediata: mientras las industrias calculan p\u00e9rdidas, la administraci\u00f3n de Luiz In\u00e1cio Lula da Silva activa una ofensiva comercial para diversificar mercados y contener los da\u00f1os.<\/p>\n<p>El Ministerio de Desarrollo, Industria, Comercio y Servicios anunci\u00f3 que intensificar\u00e1 negociaciones con pa\u00edses de Am\u00e9rica Latina, \u00c1frica y Asia.<\/p>\n<p>C\u00e1maras de comercio y asociaciones empresariales, en paralelo, promueven encuentros de negocios para explorar nuevas rutas de exportaci\u00f3n.<\/p>\n<p>Este aumento de tarifas resulta \u00abun golpe duro, pero tambi\u00e9n una se\u00f1al de alarma. Brasil no puede depender de un solo mercado, especialmente de uno vol\u00e1til como el estadounidense\u00bb, afirm\u00f3 J\u00falia Nogueira, directora de relaciones internacionales de la Confederaci\u00f3n Nacional de la Industria.<\/p>\n<p>Las peque\u00f1as y medianas empresas exportadoras son las m\u00e1s vulnerables a esta nueva realidad. Muchas de ellas no tienen estructura para reaccionar r\u00e1pidamente a un cambio brusco en los mercados.<\/p>\n<p>Ante la creciente presi\u00f3n del sector productivo, el Gobierno federal anunci\u00f3 l\u00edneas de cr\u00e9dito espec\u00edficas para exportadores afectados, adem\u00e1s de asistencia t\u00e9cnica para la readecuaci\u00f3n de la producci\u00f3n y el acceso a nuevos mercados.<\/p>\n<p>Sin embargo, especialistas alertan que esas medidas deben implementarse con rapidez para evitar una oleada de cierres y despidos.<\/p>\n<p>La decisi\u00f3n de la Casa Blanca, enmarcada en una nueva ola proteccionista impulsada por el presidente Donald Trump en su segundo mandato, tambi\u00e9n tiene lecturas geopol\u00edticas.<\/p>\n<p>Analistas ven en el movimiento un intento por presionar a socios comerciales y proteger empleos industriales en plena disputa electoral legislativa en Estados Unidos.<\/p>\n<p>La canciller\u00eda brasile\u00f1a adopt\u00f3 una postura moderada, pero no descarta llevar el caso a la Organizaci\u00f3n Mundial del Comercio si no se llega a una soluci\u00f3n negociada.<\/p>\n<p>Trump vincul\u00f3 abiertamente los nuevos grav\u00e1menes a Brasil con el proceso judicial que enfrenta su aliado ideol\u00f3gico, el exmandatario ultraderechista Jair Bolsonaro, acusado de tentativa de golpe de Estado tras las elecciones de 2022.<\/p>\n<\/div>\n<\/div>\n<div class=\"elementor-element elementor-element-4f75016 elementor-widget elementor-widget-post-info\" data-id=\"4f75016\" data-element_type=\"widget\" data-widget_type=\"post-info.default\">\n<div class=\"elementor-widget-container\">\n<ul class=\"elementor-inline-items elementor-icon-list-items elementor-post-info\">\n<li class=\"elementor-icon-list-item elementor-repeater-item-17dda3e elementor-inline-item\"><em><span class=\"elementor-icon-list-text elementor-post-info__item elementor-post-info__item--type-custom\">#<a href=\"https:\/\/primermomento.com\/?p=448712\" rel=\"tag\">afectaciones<\/a>\u00a0#<a href=\"https:\/\/primermomento.com\/?p=448712\" rel=\"tag\">arancel<\/a>\u00a0#<a href=\"https:\/\/primermomento.com\/?p=448712\" rel=\"tag\">brasil<\/a>\u00a0#<a href=\"https:\/\/primermomento.com\/?p=448712\" rel=\"tag\">eeuu<\/a>\u00a0#<a href=\"https:\/\/primermomento.com\/?p=448712\" rel=\"tag\">empleos<\/a>\u00a0#<a href=\"https:\/\/primermomento.com\/?p=448712\" rel=\"tag\">exportaciones<\/a>\u00a0#<a href=\"https:\/\/primermomento.com\/?p=448712\" rel=\"tag\">trump<\/a><\/span><\/em><\/li>\n<\/ul>\n<\/div>\n<\/div>\n","protected":false},"excerpt":{"rendered":"<p>Por Prensa Latina Brasilia, BRASIL.- La imposici\u00f3n desde hoy de un arancel del 50\u202fpor ciento por parte de Estados Unidos a productos nacionales, podr\u00eda provocar la p\u00e9rdida de hasta 146 mil empleos en Brasil en los pr\u00f3ximos dos a\u00f1os. As\u00ed lo estima la Federaci\u00f3n de Industrias del estado de Minas Gerais (sudeste), citada por el [&hellip;]<\/p>\n","protected":false},"author":1,"featured_media":448713,"comment_status":"open","ping_status":"open","sticky":false,"template":"","format":"standard","meta":{"_bbp_topic_count":0,"_bbp_reply_count":0,"_bbp_total_topic_count":0,"_bbp_total_reply_count":0,"_bbp_voice_count":0,"_bbp_anonymous_reply_count":0,"_bbp_topic_count_hidden":0,"_bbp_reply_count_hidden":0,"_bbp_forum_subforum_count":0,"footnotes":""},"categories":[35],"tags":[],"class_list":{"0":"post-448712","1":"post","2":"type-post","3":"status-publish","4":"format-standard","5":"has-post-thumbnail","7":"category-economia"},"_links":{"self":[{"href":"https:\/\/primermomento.com\/index.php?rest_route=\/wp\/v2\/posts\/448712","targetHints":{"allow":["GET"]}}],"collection":[{"href":"https:\/\/primermomento.com\/index.php?rest_route=\/wp\/v2\/posts"}],"about":[{"href":"https:\/\/primermomento.com\/index.php?rest_route=\/wp\/v2\/types\/post"}],"author":[{"embeddable":true,"href":"https:\/\/primermomento.com\/index.php?rest_route=\/wp\/v2\/users\/1"}],"replies":[{"embeddable":true,"href":"https:\/\/primermomento.com\/index.php?rest_route=%2Fwp%2Fv2%2Fcomments&post=448712"}],"version-history":[{"count":1,"href":"https:\/\/primermomento.com\/index.php?rest_route=\/wp\/v2\/posts\/448712\/revisions"}],"predecessor-version":[{"id":448714,"href":"https:\/\/primermomento.com\/index.php?rest_route=\/wp\/v2\/posts\/448712\/revisions\/448714"}],"wp:featuredmedia":[{"embeddable":true,"href":"https:\/\/primermomento.com\/index.php?rest_route=\/wp\/v2\/media\/448713"}],"wp:attachment":[{"href":"https:\/\/primermomento.com\/index.php?rest_route=%2Fwp%2Fv2%2Fmedia&parent=448712"}],"wp:term":[{"taxonomy":"category","embeddable":true,"href":"https:\/\/primermomento.com\/index.php?rest_route=%2Fwp%2Fv2%2Fcategories&post=448712"},{"taxonomy":"post_tag","embeddable":true,"href":"https:\/\/primermomento.com\/index.php?rest_route=%2Fwp%2Fv2%2Ftags&post=448712"}],"curies":[{"name":"wp","href":"https:\/\/api.w.org\/{rel}","templated":true}]}}