{"id":448878,"date":"2025-08-08T07:06:01","date_gmt":"2025-08-08T11:06:01","guid":{"rendered":"https:\/\/primermomento.com\/?p=448878"},"modified":"2025-08-08T16:27:27","modified_gmt":"2025-08-08T20:27:27","slug":"impulsan-desarrollo-de-dominicana-con-iniciativa-meta-rd-2036","status":"publish","type":"post","link":"https:\/\/primermomento.com\/?p=448878","title":{"rendered":"Impulsan desarrollo de Dominicana con iniciativa \u00abMeta RD 2036\u00bb"},"content":{"rendered":"<p><strong><em>Por<span style=\"color: #ff0000;\"> Prensa Latina<\/span><\/em><\/strong><\/p>\n<p>SANTO DOMINGO, Rep\u00fablica Dominicana.- El presidente dominicano, Luis Abinader, encabez\u00f3 la presentaci\u00f3n de las acciones priorizadas por los comit\u00e9s sectoriales de la iniciativa \u00abMeta RD 2036\u00bb, durante una sesi\u00f3n ampliada del Pleno del Consejo Nacional de Competitividad.<\/p>\n<div class=\"elementor-element elementor-element-0aea3a0 elementor-widget elementor-widget-theme-post-content\" data-id=\"0aea3a0\" data-element_type=\"widget\" data-widget_type=\"theme-post-content.default\">\n<div class=\"elementor-widget-container\">\n<p>Al pronunciar algunas palabras, Abinader present\u00f3 una propuesta para organizar las acciones de la Estrategia Nacional de Desarrollo Meta RD 2036, dividi\u00e9ndolas en inmediatas, de mediano plazo y largo plazo, seg\u00fan su viabilidad, inform\u00f3 la Presidencia.<\/p>\n<p>Sostuvo que las medidas inmediatas pueden ejecutarse sin financiamiento ni aprobaci\u00f3n legislativa, mientras que las de mediano plazo requieren consenso pol\u00edtico y recursos moderados.<\/p>\n<p>Las de largo plazo, explic\u00f3, buscan transformar la econom\u00eda y necesitan planificaci\u00f3n y fondos significativos.<\/p>\n<p>El mandatario propuso varias reuniones en los pr\u00f3ximos d\u00edas para adaptar las estrategias desde el Gobierno, definir prioridades y asignar responsabilidades.<\/p>\n<p>En representaci\u00f3n del Consejo Nacional de Competitividad, el director ejecutivo Peter Prazmowski comparti\u00f3 una visi\u00f3n general sobre Meta RD 2036 y los avances alcanzados en las sesiones de trabajo de los comit\u00e9s t\u00e9cnicos, destacando el compromiso de los sectores p\u00fablico y privado en la construcci\u00f3n de una agenda transformadora.<\/p>\n<p>\u201cEl trabajo realizado en las mesas t\u00e9cnicas evidencia una trayectoria ascendente. Estamos sentando las bases para que la Rep\u00fablica Dominicana no solo sea m\u00e1s competitiva, sino tambi\u00e9n m\u00e1s sostenible e inclusiva\u201d, se\u00f1al\u00f3 Prazmowski.<\/p>\n<p>Durante la jornada, los coordinadores de los 12 sectores priorizados presentaron los resultados de m\u00e1s de 50 sesiones de trabajo, en las que se analizaron m\u00e1s de mil propuestas.<\/p>\n<p>Trascendi\u00f3 que este proceso dio como resultado la consolidaci\u00f3n de 490 iniciativas, de las cuales 85 ser\u00e1n priorizadas para impulsar la transformaci\u00f3n nacional en la pr\u00f3xima d\u00e9cada.<\/p>\n<p>El programa Meta RD 2036 continuar\u00e1 su implementaci\u00f3n con el acompa\u00f1amiento del Consejo Nacional de Competitividad y los sectores productivos, promoviendo la formulaci\u00f3n de pol\u00edticas p\u00fablicas, el impulso de la innovaci\u00f3n y la consolidaci\u00f3n de alianzas que permitan garantizar un mayor bienestar para todos los dominicanos, indic\u00f3 la Presidencia.<\/p>\n<\/div>\n<\/div>\n<div class=\"elementor-element elementor-element-4f75016 elementor-widget elementor-widget-post-info\" data-id=\"4f75016\" data-element_type=\"widget\" data-widget_type=\"post-info.default\">\n<div class=\"elementor-widget-container\">\n<ul class=\"elementor-inline-items elementor-icon-list-items elementor-post-info\">\n<li class=\"elementor-icon-list-item elementor-repeater-item-17dda3e elementor-inline-item\"><em><span class=\"elementor-icon-list-text elementor-post-info__item elementor-post-info__item--type-custom\">#<a href=\"https:\/\/primermomento.com\/?p=448878\" rel=\"tag\">acciones priorizadas<\/a>\u00a0#<a href=\"https:\/\/primermomento.com\/?p=448878\" rel=\"tag\">Meta RD 2036<\/a><\/span><\/em><\/li>\n<\/ul>\n<\/div>\n<\/div>\n","protected":false},"excerpt":{"rendered":"<p>Por Prensa Latina SANTO DOMINGO, Rep\u00fablica Dominicana.- El presidente dominicano, Luis Abinader, encabez\u00f3 la presentaci\u00f3n de las acciones priorizadas por los comit\u00e9s sectoriales de la iniciativa \u00abMeta RD 2036\u00bb, durante una sesi\u00f3n ampliada del Pleno del Consejo Nacional de Competitividad. Al pronunciar algunas palabras, Abinader present\u00f3 una propuesta para organizar las acciones de la Estrategia [&hellip;]<\/p>\n","protected":false},"author":1,"featured_media":448879,"comment_status":"open","ping_status":"open","sticky":false,"template":"","format":"standard","meta":{"_bbp_topic_count":0,"_bbp_reply_count":0,"_bbp_total_topic_count":0,"_bbp_total_reply_count":0,"_bbp_voice_count":0,"_bbp_anonymous_reply_count":0,"_bbp_topic_count_hidden":0,"_bbp_reply_count_hidden":0,"_bbp_forum_subforum_count":0,"footnotes":""},"categories":[35],"tags":[],"class_list":{"0":"post-448878","1":"post","2":"type-post","3":"status-publish","4":"format-standard","5":"has-post-thumbnail","7":"category-economia"},"_links":{"self":[{"href":"https:\/\/primermomento.com\/index.php?rest_route=\/wp\/v2\/posts\/448878","targetHints":{"allow":["GET"]}}],"collection":[{"href":"https:\/\/primermomento.com\/index.php?rest_route=\/wp\/v2\/posts"}],"about":[{"href":"https:\/\/primermomento.com\/index.php?rest_route=\/wp\/v2\/types\/post"}],"author":[{"embeddable":true,"href":"https:\/\/primermomento.com\/index.php?rest_route=\/wp\/v2\/users\/1"}],"replies":[{"embeddable":true,"href":"https:\/\/primermomento.com\/index.php?rest_route=%2Fwp%2Fv2%2Fcomments&post=448878"}],"version-history":[{"count":1,"href":"https:\/\/primermomento.com\/index.php?rest_route=\/wp\/v2\/posts\/448878\/revisions"}],"predecessor-version":[{"id":448880,"href":"https:\/\/primermomento.com\/index.php?rest_route=\/wp\/v2\/posts\/448878\/revisions\/448880"}],"wp:featuredmedia":[{"embeddable":true,"href":"https:\/\/primermomento.com\/index.php?rest_route=\/wp\/v2\/media\/448879"}],"wp:attachment":[{"href":"https:\/\/primermomento.com\/index.php?rest_route=%2Fwp%2Fv2%2Fmedia&parent=448878"}],"wp:term":[{"taxonomy":"category","embeddable":true,"href":"https:\/\/primermomento.com\/index.php?rest_route=%2Fwp%2Fv2%2Fcategories&post=448878"},{"taxonomy":"post_tag","embeddable":true,"href":"https:\/\/primermomento.com\/index.php?rest_route=%2Fwp%2Fv2%2Ftags&post=448878"}],"curies":[{"name":"wp","href":"https:\/\/api.w.org\/{rel}","templated":true}]}}