{"id":448921,"date":"2025-08-08T17:35:17","date_gmt":"2025-08-08T21:35:17","guid":{"rendered":"https:\/\/primermomento.com\/?p=448921"},"modified":"2025-08-09T06:42:24","modified_gmt":"2025-08-09T10:42:24","slug":"embajador-de-china-valora-comedores-economicos-en-dominicana","status":"publish","type":"post","link":"https:\/\/primermomento.com\/?p=448921","title":{"rendered":"Embajador de China valora Comedores Econ\u00f3micos en Dominicana"},"content":{"rendered":"<p><strong><em>Por <span style=\"color: #ff0000;\">Prensa Latina<\/span><\/em><\/strong><\/p>\n<p>SANTO DOMINGO, Rep\u00fablica Dominicana.- El embajador de China en la Rep\u00fablica Dominicana, Chen Luning, valor\u00f3 hoy el modelo de asistencia alimentaria de los Comedores Econ\u00f3micos del Estado (CEED), consider\u00e1ndolo un ejemplo de pol\u00edticas efectivas para erradicar el hambre.<\/p>\n<div class=\"elementor-element elementor-element-0aea3a0 elementor-widget elementor-widget-theme-post-content\" data-id=\"0aea3a0\" data-element_type=\"widget\" data-widget_type=\"theme-post-content.default\">\n<div class=\"elementor-widget-container\">\n<p>Adem\u00e1s, resalt\u00f3 la estabilidad del pa\u00eds como un elemento clave para el desarrollo sostenido de este plan, dirigido a sectores vulnerables, informaron fuentes oficiales.<\/p>\n<p><img loading=\"lazy\" decoding=\"async\" class=\"alignnone wp-image-1612560 size-full\" src=\"https:\/\/www.prensa-latina.cu\/wp-content\/uploads\/2025\/08\/comedores-economicos.jpg\" sizes=\"auto, (max-width: 800px) 100vw, 800px\" srcset=\"https:\/\/www.prensa-latina.cu\/wp-content\/uploads\/2025\/08\/comedores-economicos.jpg 800w, https:\/\/www.prensa-latina.cu\/wp-content\/uploads\/2025\/08\/comedores-economicos-500x266.jpg 500w, https:\/\/www.prensa-latina.cu\/wp-content\/uploads\/2025\/08\/comedores-economicos-768x409.jpg 768w\" alt=\"\" width=\"800\" height=\"426\" \/><\/p>\n<p>Durante un recorrido por varias instalaciones, el diplom\u00e1tico conoci\u00f3 el funcionamiento del programa, incluyendo el almacenamiento de provisiones, la cocci\u00f3n de alimentos, la log\u00edstica de distribuci\u00f3n, los servicios a los usuarios y la entrega de kits de raciones crudas.<\/p>\n<p>Tambi\u00e9n se le present\u00f3 una cocina m\u00f3vil como parte de las innovaciones operativas.<\/p>\n<p>Chen Luning sostuvo que el modelo de Comedores Econ\u00f3micos representa un eje estrat\u00e9gico para el desarrollo social y es una muestra del compromiso del Gobierno con la seguridad alimentaria.<\/p>\n<p>Mientras, el director general del CEED, Edgar Augusto F\u00e9liz, destac\u00f3 que este tipo de encuentros fortalecen las relaciones bilaterales y abren oportunidades de cooperaci\u00f3n orientadas a mejorar las condiciones de vida de la poblaci\u00f3n de menos recursos.<\/p>\n<p>Hasta mayo pasado sumaban 146 los comedores de este tipo a nivel nacional, que ofrecen miles de kits de alimentos, tanto crudos como preparados, seg\u00fan Agusto F\u00e9liz.<\/p>\n<\/div>\n<\/div>\n<div class=\"elementor-element elementor-element-4f75016 elementor-widget elementor-widget-post-info\" data-id=\"4f75016\" data-element_type=\"widget\" data-widget_type=\"post-info.default\">\n<div class=\"elementor-widget-container\">\n<ul class=\"elementor-inline-items elementor-icon-list-items elementor-post-info\">\n<li class=\"elementor-icon-list-item elementor-repeater-item-17dda3e elementor-inline-item\"><em><span class=\"elementor-icon-list-text elementor-post-info__item elementor-post-info__item--type-custom\">#<a href=\"https:\/\/primermomento.com\/?p=448921\" rel=\"tag\">Comedores Econon\u00f3micos<\/a>\u00a0#<a href=\"https:\/\/primermomento.com\/?p=448921\" rel=\"tag\">embajador de China<\/a><\/span><\/em><\/li>\n<\/ul>\n<\/div>\n<\/div>\n","protected":false},"excerpt":{"rendered":"<p>Por Prensa Latina SANTO DOMINGO, Rep\u00fablica Dominicana.- El embajador de China en la Rep\u00fablica Dominicana, Chen Luning, valor\u00f3 hoy el modelo de asistencia alimentaria de los Comedores Econ\u00f3micos del Estado (CEED), consider\u00e1ndolo un ejemplo de pol\u00edticas efectivas para erradicar el hambre. Adem\u00e1s, resalt\u00f3 la estabilidad del pa\u00eds como un elemento clave para el desarrollo sostenido [&hellip;]<\/p>\n","protected":false},"author":1,"featured_media":448923,"comment_status":"open","ping_status":"open","sticky":false,"template":"","format":"standard","meta":{"_bbp_topic_count":0,"_bbp_reply_count":0,"_bbp_total_topic_count":0,"_bbp_total_reply_count":0,"_bbp_voice_count":0,"_bbp_anonymous_reply_count":0,"_bbp_topic_count_hidden":0,"_bbp_reply_count_hidden":0,"_bbp_forum_subforum_count":0,"footnotes":""},"categories":[35],"tags":[],"class_list":{"0":"post-448921","1":"post","2":"type-post","3":"status-publish","4":"format-standard","5":"has-post-thumbnail","7":"category-economia"},"_links":{"self":[{"href":"https:\/\/primermomento.com\/index.php?rest_route=\/wp\/v2\/posts\/448921","targetHints":{"allow":["GET"]}}],"collection":[{"href":"https:\/\/primermomento.com\/index.php?rest_route=\/wp\/v2\/posts"}],"about":[{"href":"https:\/\/primermomento.com\/index.php?rest_route=\/wp\/v2\/types\/post"}],"author":[{"embeddable":true,"href":"https:\/\/primermomento.com\/index.php?rest_route=\/wp\/v2\/users\/1"}],"replies":[{"embeddable":true,"href":"https:\/\/primermomento.com\/index.php?rest_route=%2Fwp%2Fv2%2Fcomments&post=448921"}],"version-history":[{"count":1,"href":"https:\/\/primermomento.com\/index.php?rest_route=\/wp\/v2\/posts\/448921\/revisions"}],"predecessor-version":[{"id":448922,"href":"https:\/\/primermomento.com\/index.php?rest_route=\/wp\/v2\/posts\/448921\/revisions\/448922"}],"wp:featuredmedia":[{"embeddable":true,"href":"https:\/\/primermomento.com\/index.php?rest_route=\/wp\/v2\/media\/448923"}],"wp:attachment":[{"href":"https:\/\/primermomento.com\/index.php?rest_route=%2Fwp%2Fv2%2Fmedia&parent=448921"}],"wp:term":[{"taxonomy":"category","embeddable":true,"href":"https:\/\/primermomento.com\/index.php?rest_route=%2Fwp%2Fv2%2Fcategories&post=448921"},{"taxonomy":"post_tag","embeddable":true,"href":"https:\/\/primermomento.com\/index.php?rest_route=%2Fwp%2Fv2%2Ftags&post=448921"}],"curies":[{"name":"wp","href":"https:\/\/api.w.org\/{rel}","templated":true}]}}