{"id":449056,"date":"2025-08-11T13:00:44","date_gmt":"2025-08-11T17:00:44","guid":{"rendered":"https:\/\/primermomento.com\/?p=449056"},"modified":"2025-08-11T14:39:51","modified_gmt":"2025-08-11T18:39:51","slug":"superintendencia-de-seguros-suspende-resolucion-sobre-seguro-obligatorio-y-convoca-consulta-publica","status":"publish","type":"post","link":"https:\/\/primermomento.com\/?p=449056","title":{"rendered":"Superintendencia de Seguros suspende resoluci\u00f3n sobre seguro obligatorio y convoca consulta p\u00fablica"},"content":{"rendered":"<p><strong><em>Por <span style=\"color: #ff0000;\">Servicios de Primermomento.com<\/span><\/em><\/strong><\/p>\n<p style=\"font-weight: 400;\">SANTO DOMINGO, Rep\u00fablica Dominicana.- En cumplimiento de su responsabilidad institucional y su compromiso con la transparencia, la Superintendencia de Seguros de la Rep\u00fablica Dominicana anunci\u00f3 la suspensi\u00f3n temporal de los efectos de las resoluciones 05-2025 y 07-2025, que modificaban los l\u00edmites m\u00ednimos de cobertura y tarifas del seguro obligatorio para veh\u00edculos de motor.<\/p>\n<p style=\"font-weight: 400;\">Mediante la Resoluci\u00f3n N\u00fam. 10-2025, se establece la apertura de un proceso de consulta p\u00fablica ampliada por un per\u00edodo de seis (6) meses, con el objetivo de garantizar una participaci\u00f3n efectiva de los sectores impactados, incluyendo gremios del transporte, aseguradoras, organizaciones de consumidores, representantes del sector jur\u00eddico, acad\u00e9mico y ciudadan\u00eda en general.<\/p>\n<p style=\"font-weight: 400;\">\u00a0\u201cEsta decisi\u00f3n es un paso hacia adelante en el fortalecimiento del proceso regulatorio. En lugar de imponer una norma, preferimos construirla junto a los sectores que representa y protege\u201d, expres\u00f3 el superintendente de seguros, Julio C\u00e9sar Valent\u00edn Jimini\u00e1n.<\/p>\n<p style=\"font-weight: 400;\">Durante el per\u00edodo de suspensi\u00f3n, continuar\u00e1 vigente el esquema anterior previsto en la Resoluci\u00f3n 010-2002.<\/p>\n<p style=\"font-weight: 400;\">La Superintendencia inform\u00f3 que en los pr\u00f3ximos d\u00edas dar\u00e1 a conocer el cronograma oficial de la consulta, que incluir\u00e1 audiencias p\u00fablicas, habilitaci\u00f3n de plataformas digitales y mecanismos institucionales para recibir observaciones y propuestas que contribuyan a perfeccionar la regulaci\u00f3n del seguro obligatorio.<\/p>\n<p style=\"font-weight: 400;\">La medida est\u00e1 fundamentada en lo dispuesto por la Ley No. 146-02 sobre Seguros y Fianzas, as\u00ed como en las disposiciones de la Ley 200-04 sobre Libre Acceso a la Informaci\u00f3n P\u00fablica, la Ley 167-21 de Mejora Regulatoria, la Ley 107-13 sobre Procedimiento Administrativo, y en principios constitucionales de participaci\u00f3n, razonabilidad y seguridad jur\u00eddica.<\/p>\n<p style=\"font-weight: 400;\">\u00a0\u201cLa regulaci\u00f3n que queremos para el pa\u00eds debe nacer del consenso y del inter\u00e9s general\u201d, sostuvo el titular del \u00f3rgano supervisor.<\/p>\n","protected":false},"excerpt":{"rendered":"<p>Por Servicios de Primermomento.com SANTO DOMINGO, Rep\u00fablica Dominicana.- En cumplimiento de su responsabilidad institucional y su compromiso con la transparencia, la Superintendencia de Seguros de la Rep\u00fablica Dominicana anunci\u00f3 la suspensi\u00f3n temporal de los efectos de las resoluciones 05-2025 y 07-2025, que modificaban los l\u00edmites m\u00ednimos de cobertura y tarifas del seguro obligatorio para veh\u00edculos [&hellip;]<\/p>\n","protected":false},"author":1,"featured_media":449057,"comment_status":"open","ping_status":"open","sticky":false,"template":"","format":"standard","meta":{"_bbp_topic_count":0,"_bbp_reply_count":0,"_bbp_total_topic_count":0,"_bbp_total_reply_count":0,"_bbp_voice_count":0,"_bbp_anonymous_reply_count":0,"_bbp_topic_count_hidden":0,"_bbp_reply_count_hidden":0,"_bbp_forum_subforum_count":0,"footnotes":""},"categories":[35],"tags":[],"class_list":{"0":"post-449056","1":"post","2":"type-post","3":"status-publish","4":"format-standard","5":"has-post-thumbnail","7":"category-economia"},"_links":{"self":[{"href":"https:\/\/primermomento.com\/index.php?rest_route=\/wp\/v2\/posts\/449056","targetHints":{"allow":["GET"]}}],"collection":[{"href":"https:\/\/primermomento.com\/index.php?rest_route=\/wp\/v2\/posts"}],"about":[{"href":"https:\/\/primermomento.com\/index.php?rest_route=\/wp\/v2\/types\/post"}],"author":[{"embeddable":true,"href":"https:\/\/primermomento.com\/index.php?rest_route=\/wp\/v2\/users\/1"}],"replies":[{"embeddable":true,"href":"https:\/\/primermomento.com\/index.php?rest_route=%2Fwp%2Fv2%2Fcomments&post=449056"}],"version-history":[{"count":1,"href":"https:\/\/primermomento.com\/index.php?rest_route=\/wp\/v2\/posts\/449056\/revisions"}],"predecessor-version":[{"id":449058,"href":"https:\/\/primermomento.com\/index.php?rest_route=\/wp\/v2\/posts\/449056\/revisions\/449058"}],"wp:featuredmedia":[{"embeddable":true,"href":"https:\/\/primermomento.com\/index.php?rest_route=\/wp\/v2\/media\/449057"}],"wp:attachment":[{"href":"https:\/\/primermomento.com\/index.php?rest_route=%2Fwp%2Fv2%2Fmedia&parent=449056"}],"wp:term":[{"taxonomy":"category","embeddable":true,"href":"https:\/\/primermomento.com\/index.php?rest_route=%2Fwp%2Fv2%2Fcategories&post=449056"},{"taxonomy":"post_tag","embeddable":true,"href":"https:\/\/primermomento.com\/index.php?rest_route=%2Fwp%2Fv2%2Ftags&post=449056"}],"curies":[{"name":"wp","href":"https:\/\/api.w.org\/{rel}","templated":true}]}}