{"id":449108,"date":"2025-08-12T07:40:08","date_gmt":"2025-08-12T11:40:08","guid":{"rendered":"https:\/\/primermomento.com\/?p=449108"},"modified":"2025-08-12T09:11:31","modified_gmt":"2025-08-12T13:11:31","slug":"leal-a-trump-sera-comisionado-de-oficina-de-estadisticas-laborales","status":"publish","type":"post","link":"https:\/\/primermomento.com\/?p=449108","title":{"rendered":"Leal a Trump ser\u00e1 comisionado de Oficina de Estad\u00edsticas Laborales"},"content":{"rendered":"<p><em><strong>Por <span style=\"color: #ff0000;\">Prensa Latina<\/span><\/strong><\/em><\/p>\n<p>Washington, EEUU.- E.J. Antoni, economista de la conservadora Fundaci\u00f3n Heritage, ser\u00e1 el pr\u00f3ximo comisionado de la Oficina de Estad\u00edsticas Laborales (BLS), anunci\u00f3 el presidente de Estados Unidos, Donald Trump, en su medio favorito, Truth Social.<\/p>\n<div class=\"elementor-element elementor-element-ee759ba e-con-full e-flex e-con e-child\" data-id=\"ee759ba\" data-element_type=\"container\">\n<div class=\"elementor-element elementor-element-0aea3a0 elementor-widget elementor-widget-theme-post-content\" data-id=\"0aea3a0\" data-element_type=\"widget\" data-widget_type=\"theme-post-content.default\">\n<div class=\"elementor-widget-container\">\n<p>\u201cNuestra econom\u00eda est\u00e1 en auge, y E.J. se asegurar\u00e1 de que las cifras publicadas sean HONESTAS y PRECISAS\u201d, public\u00f3 el mandatario al avalar su nominaci\u00f3n.<\/p>\n<p>Es curioso. El nominado es el economista jefe de la mencionada fundaci\u00f3n y contribuy\u00f3 a la r\u00fabrica de pol\u00edticas del Proyecto 2025, especie de manual de casi mil p\u00e1ginas nacido en la contienda electoral 2024 dirigido a una futura administraci\u00f3n republicana, del cual intent\u00f3 distanciarse Trump en su campa\u00f1a presidencial.<\/p>\n<p>Antoni expres\u00f3 su escepticismo sobre los datos de la BLS (sigla en ingl\u00e9s) y hasta hizo una aparici\u00f3n p\u00fablica en el podcast del exestratega de Trump, Steve Bannon, para instar al presidente a despedir a la anterior comisionada, Erika McEntarfer.<\/p>\n<p>El puesto requiere la confirmaci\u00f3n del Senado, pero los republicanos cuentan con una mayor\u00eda (53-47), lo que le facilitar\u00eda m\u00e1s las cosas a Antoni para llegar al puesto incluso si alguno desertara.<\/p>\n<p>A principios de agosto, Trump orden\u00f3 despedir a McEntarfer, molesto por la publicaci\u00f3n de un desalentador informe sobre el empleo que reflejaba cifras menores a las esperadas para julio y una importante revisi\u00f3n a la baja de los reportes similares de mayo y junio.<\/p>\n<p>Trump, que atribuy\u00f3 el d\u00e9bil reporte a la funcionaria que fue designada por su antecesor dem\u00f3crata, Joe Biden (2021-2025), utiliz\u00f3 su tribuna en redes sociales para afirmar -sin fundamentos- que ella hab\u00eda \u00abfalsificado las cifras de empleo\u00bb antes de las elecciones de 2024 para impulsar la candidatura de su entonces rival, Kamala Harris.<\/p>\n<p>\u00ab\u00bfNadie puede estar tan equivocado?\u00bb, pregunt\u00f3 Trump. Necesitamos cifras precisas sobre el empleo\u201d, escribi\u00f3 y m\u00e1s adelante apunt\u00f3 que orden\u00f3 a \u201csu equipo que despida a esta persona designada pol\u00edticamente por Biden INMEDIATAMENTE\u201d.<\/p>\n<p>Ser\u00e1 reemplazada por alguien mucho m\u00e1s competente y cualificada, agreg\u00f3 el enfadado presidente, quien consider\u00f3 que \u201ccifras importantes como esta deben ser justas y precisas; no pueden manipularse con fines pol\u00edticos\u201d.<\/p>\n<p>McEntarfer fue nominada por Biden en 2023 y confirmada en una votaci\u00f3n 86-8 por el Senado en 2024 como la decimosexta comisionada de la Oficina de Estad\u00edsticas Laborales, que forma parte del Departamento de Trabajo.<\/p>\n<p>Para entonces el actual vicepresidente JD Vance y el secretario de Estado Marco Rubio eran senadores y estuvieron entre los que votaron a favor de su validaci\u00f3n.<\/p>\n<\/div>\n<\/div>\n<\/div>\n","protected":false},"excerpt":{"rendered":"<p>Por Prensa Latina Washington, EEUU.- E.J. Antoni, economista de la conservadora Fundaci\u00f3n Heritage, ser\u00e1 el pr\u00f3ximo comisionado de la Oficina de Estad\u00edsticas Laborales (BLS), anunci\u00f3 el presidente de Estados Unidos, Donald Trump, en su medio favorito, Truth Social. \u201cNuestra econom\u00eda est\u00e1 en auge, y E.J. se asegurar\u00e1 de que las cifras publicadas sean HONESTAS y [&hellip;]<\/p>\n","protected":false},"author":1,"featured_media":449109,"comment_status":"open","ping_status":"open","sticky":false,"template":"","format":"standard","meta":{"_bbp_topic_count":0,"_bbp_reply_count":0,"_bbp_total_topic_count":0,"_bbp_total_reply_count":0,"_bbp_voice_count":0,"_bbp_anonymous_reply_count":0,"_bbp_topic_count_hidden":0,"_bbp_reply_count_hidden":0,"_bbp_forum_subforum_count":0,"footnotes":""},"categories":[35],"tags":[],"class_list":{"0":"post-449108","1":"post","2":"type-post","3":"status-publish","4":"format-standard","5":"has-post-thumbnail","7":"category-economia"},"_links":{"self":[{"href":"https:\/\/primermomento.com\/index.php?rest_route=\/wp\/v2\/posts\/449108","targetHints":{"allow":["GET"]}}],"collection":[{"href":"https:\/\/primermomento.com\/index.php?rest_route=\/wp\/v2\/posts"}],"about":[{"href":"https:\/\/primermomento.com\/index.php?rest_route=\/wp\/v2\/types\/post"}],"author":[{"embeddable":true,"href":"https:\/\/primermomento.com\/index.php?rest_route=\/wp\/v2\/users\/1"}],"replies":[{"embeddable":true,"href":"https:\/\/primermomento.com\/index.php?rest_route=%2Fwp%2Fv2%2Fcomments&post=449108"}],"version-history":[{"count":1,"href":"https:\/\/primermomento.com\/index.php?rest_route=\/wp\/v2\/posts\/449108\/revisions"}],"predecessor-version":[{"id":449110,"href":"https:\/\/primermomento.com\/index.php?rest_route=\/wp\/v2\/posts\/449108\/revisions\/449110"}],"wp:featuredmedia":[{"embeddable":true,"href":"https:\/\/primermomento.com\/index.php?rest_route=\/wp\/v2\/media\/449109"}],"wp:attachment":[{"href":"https:\/\/primermomento.com\/index.php?rest_route=%2Fwp%2Fv2%2Fmedia&parent=449108"}],"wp:term":[{"taxonomy":"category","embeddable":true,"href":"https:\/\/primermomento.com\/index.php?rest_route=%2Fwp%2Fv2%2Fcategories&post=449108"},{"taxonomy":"post_tag","embeddable":true,"href":"https:\/\/primermomento.com\/index.php?rest_route=%2Fwp%2Fv2%2Ftags&post=449108"}],"curies":[{"name":"wp","href":"https:\/\/api.w.org\/{rel}","templated":true}]}}