{"id":449117,"date":"2025-08-12T07:35:46","date_gmt":"2025-08-12T11:35:46","guid":{"rendered":"https:\/\/primermomento.com\/?p=449117"},"modified":"2025-09-06T19:01:30","modified_gmt":"2025-09-06T23:01:30","slug":"temperaturas-extremas-reducen-las-colonias-de-aves-en-el-tropico","status":"publish","type":"post","link":"https:\/\/primermomento.com\/?p=449117","title":{"rendered":"Temperaturas extremas reducen las colonias de aves en el tr\u00f3pico"},"content":{"rendered":"<p><strong><em>Por <span style=\"color: #ff0000;\">Prensa Latina<\/span><\/em><\/strong><\/p>\n<p>Washington, EEUU.- El calor extremo reduce las poblaciones de p\u00e1jaros en sus h\u00e1bitats tradicionales de las regiones c\u00e1lidas y ecuatoriales cuando no hay factores humanos agravantes, demuestra una investigaci\u00f3n publicada hoy en Nature Ecology &amp; Evolution.<\/p>\n<div class=\"elementor-element elementor-element-0aea3a0 elementor-widget elementor-widget-theme-post-content\" data-id=\"0aea3a0\" data-element_type=\"widget\" data-widget_type=\"theme-post-content.default\">\n<div class=\"elementor-widget-container\">\n<p>Las temperaturas extremas, que se atribuyen a los efectos del cambio clim\u00e1tico, han reducido entre un 25 y un 38 por ciento promedio las colonias de aves tropicales monitorizadas desde 1950, advierten los autores.<\/p>\n<p>En zonas c\u00e1lidas y ecuatoriales la biodiversidad suele ser abundante, y por ello casi la mitad de todas las especies aviares se reproducen en estas regiones, destaca el estudio liderado por el Centro Nacional de Supercomputaci\u00f3n (BSC-CNS) en Barcelona.<\/p>\n<p>Muchos de estos ov\u00edparos ya viven cerca de sus l\u00edmites de tolerancia t\u00e9rmica. Desde la Revoluci\u00f3n Industrial sus poblaciones han ido aminorando como consecuencia de la caza, la p\u00e9rdida de su h\u00e1bitat y las olas de calor ocasionadas por la crisis clim\u00e1tica.<\/p>\n<p>No encontraron pruebas de su recuperaci\u00f3n hasta cinco a\u00f1os despu\u00e9s de los impactos iniciales del calor extremo, lo que les llev\u00f3 a pensar que las consecuencias de la crisis clim\u00e1tica tend\u00edan a acumularse<\/p>\n<p>Descubrimos que, tras la exposici\u00f3n a temperaturas extremas, la tasa de crecimiento de aves disminu\u00eda significativamente en climas tropicales, se\u00f1al\u00f3 el primer autor del estudio e investigador del BSC-CNS, Maximilian Kotz.<\/p>\n<p>Esto significa que las colonias aviares crecieron a un ritmo m\u00e1s lento de lo normal o que incluso menguaron, en funci\u00f3n del estado preexistente de sus poblaciones y tendencias subyacentes, seg\u00fan apunta el experto.<\/p>\n<p>Para llegar a estas conclusiones, el equipo analiz\u00f3 datos de Living Planet sobre tres mil colonias de aves en todo el mundo desde 1950 hasta 2020, lo que supuso el estudio de 90 mil registros diferentes.<\/p>\n<p>La exposici\u00f3n de estos ov\u00edparos a las altas temperaturas estaba asociada con tasas de crecimiento m\u00e1s bajas, demostraron.<\/p>\n<p>Lo que descubrimos fue que, m\u00e1s all\u00e1 de los cambios en la temperatura media o las precipitaciones, las olas de calor extremas fueron los principales agravantes que perjudicaron a las aves, especialmente en las regiones tropicales\u201d, a\u00f1ade Kotz.<\/p>\n<p>La exposici\u00f3n al calor extremo se asoci\u00f3 con tasas de crecimiento m\u00e1s bajas, seg\u00fan expone el estudio.<\/p>\n<\/div>\n<\/div>\n<div class=\"elementor-element elementor-element-4f75016 elementor-widget elementor-widget-post-info\" data-id=\"4f75016\" data-element_type=\"widget\" data-widget_type=\"post-info.default\">\n<div class=\"elementor-widget-container\">\n<ul class=\"elementor-inline-items elementor-icon-list-items elementor-post-info\">\n<li class=\"elementor-icon-list-item elementor-repeater-item-17dda3e elementor-inline-item\"><em><span class=\"elementor-icon-list-text elementor-post-info__item elementor-post-info__item--type-custom\">#<a href=\"https:\/\/primermomento.com\/?p=449117\" rel=\"tag\">aves<\/a>\u00a0#<a href=\"https:\/\/primermomento.com\/?p=449117\" rel=\"tag\">ciencias<\/a>\u00a0#<a href=\"https:\/\/primermomento.com\/?p=449117\" rel=\"tag\">temperaturas<\/a>\u00a0#<a href=\"https:\/\/primermomento.com\/?p=449117\" rel=\"tag\">tr\u00f3picos<\/a><\/span><\/em><\/li>\n<\/ul>\n<\/div>\n<\/div>\n","protected":false},"excerpt":{"rendered":"<p>Por Prensa Latina Washington, EEUU.- El calor extremo reduce las poblaciones de p\u00e1jaros en sus h\u00e1bitats tradicionales de las regiones c\u00e1lidas y ecuatoriales cuando no hay factores humanos agravantes, demuestra una investigaci\u00f3n publicada hoy en Nature Ecology &amp; Evolution. Las temperaturas extremas, que se atribuyen a los efectos del cambio clim\u00e1tico, han reducido entre un [&hellip;]<\/p>\n","protected":false},"author":1,"featured_media":378451,"comment_status":"open","ping_status":"open","sticky":false,"template":"","format":"standard","meta":{"_bbp_topic_count":0,"_bbp_reply_count":0,"_bbp_total_topic_count":0,"_bbp_total_reply_count":0,"_bbp_voice_count":0,"_bbp_anonymous_reply_count":0,"_bbp_topic_count_hidden":0,"_bbp_reply_count_hidden":0,"_bbp_forum_subforum_count":0,"footnotes":""},"categories":[37,109],"tags":[],"class_list":{"0":"post-449117","1":"post","2":"type-post","3":"status-publish","4":"format-standard","5":"has-post-thumbnail","7":"category-ciencia-tecnologia","8":"category-eleccion"},"_links":{"self":[{"href":"https:\/\/primermomento.com\/index.php?rest_route=\/wp\/v2\/posts\/449117","targetHints":{"allow":["GET"]}}],"collection":[{"href":"https:\/\/primermomento.com\/index.php?rest_route=\/wp\/v2\/posts"}],"about":[{"href":"https:\/\/primermomento.com\/index.php?rest_route=\/wp\/v2\/types\/post"}],"author":[{"embeddable":true,"href":"https:\/\/primermomento.com\/index.php?rest_route=\/wp\/v2\/users\/1"}],"replies":[{"embeddable":true,"href":"https:\/\/primermomento.com\/index.php?rest_route=%2Fwp%2Fv2%2Fcomments&post=449117"}],"version-history":[{"count":1,"href":"https:\/\/primermomento.com\/index.php?rest_route=\/wp\/v2\/posts\/449117\/revisions"}],"predecessor-version":[{"id":449118,"href":"https:\/\/primermomento.com\/index.php?rest_route=\/wp\/v2\/posts\/449117\/revisions\/449118"}],"wp:featuredmedia":[{"embeddable":true,"href":"https:\/\/primermomento.com\/index.php?rest_route=\/wp\/v2\/media\/378451"}],"wp:attachment":[{"href":"https:\/\/primermomento.com\/index.php?rest_route=%2Fwp%2Fv2%2Fmedia&parent=449117"}],"wp:term":[{"taxonomy":"category","embeddable":true,"href":"https:\/\/primermomento.com\/index.php?rest_route=%2Fwp%2Fv2%2Fcategories&post=449117"},{"taxonomy":"post_tag","embeddable":true,"href":"https:\/\/primermomento.com\/index.php?rest_route=%2Fwp%2Fv2%2Ftags&post=449117"}],"curies":[{"name":"wp","href":"https:\/\/api.w.org\/{rel}","templated":true}]}}