{"id":449178,"date":"2025-08-12T08:00:55","date_gmt":"2025-08-12T12:00:55","guid":{"rendered":"https:\/\/primermomento.com\/?p=449178"},"modified":"2025-08-12T19:47:34","modified_gmt":"2025-08-12T23:47:34","slug":"inflacion-en-eeuu-sin-cambios-en-julio-pero-despegan-precios","status":"publish","type":"post","link":"https:\/\/primermomento.com\/?p=449178","title":{"rendered":"Inflaci\u00f3n en EEUU sin cambios en julio, pero despegan precios"},"content":{"rendered":"<p><em><strong>Por <span style=\"color: #ff0000;\">Prensa Latina<\/span><\/strong><\/em><\/p>\n<p>Washington, EEUU.- La inflaci\u00f3n en Estados Unidos se mantuvo en 2.7 por ciento en julio, aunque los consumidores podr\u00edan sentir m\u00e1s el impacto de los precios por el efecto de los aranceles del presidente Donald Trump, seg\u00fan datos publicados hoy.<\/p>\n<div class=\"elementor-element elementor-element-0aea3a0 elementor-widget elementor-widget-theme-post-content\" data-id=\"0aea3a0\" data-element_type=\"widget\" data-widget_type=\"theme-post-content.default\">\n<div class=\"elementor-widget-container\">\n<p>El informe de la Oficina de estad\u00edsticas Laborales (BLS) del Departamento de Trabajo advirti\u00f3 que, aunque la inflaci\u00f3n sigui\u00f3 estable en el s\u00e9ptimo mes del a\u00f1o, el aumento subyacente de precios se aceler\u00f3 por la guerra arancelaria de Trump.<\/p>\n<p>As\u00ed que, excluyendo los segmentos vol\u00e1tiles de energ\u00eda y alimentos, la inflaci\u00f3n subyacente que sirve de referencia para los analistas subi\u00f3 un 0.3 por ciento en julio respecto al mes anterior. En la variaci\u00f3n interanual ese indicador se increment\u00f3 un 3.1 por ciento, aceler\u00e1ndose tambi\u00e9n.<\/p>\n<p>Para una buena parte de los economistas la inflaci\u00f3n podr\u00eda iniciar su carrera cuesta arriba, pero todav\u00eda las cifras muestran pocos cambios. Trump afirma que no hay y por lo tanto tampoco existen razones para que la Reserva Federal insista en mantener sus tasas de referencia.<\/p>\n<p>La BLS est\u00e1 bajo el escrutinio del presidente despu\u00e9s de que la semana pasada se molest\u00f3 con un desalentador reporte sobre el empleo y decidi\u00f3 destituir a la comisionada Erika McEntarfer. En su lugar, Trump nomin\u00f3 a E.J. Antoni, un economista de un centro de pensamiento muy conservador, la Fundaci\u00f3n Heritage.<\/p>\n<p>\u00abNuestra econom\u00eda est\u00e1 creciendo y E.J. se asegurar\u00e1 de que las cifras entregadas sean HONESTAS y PRECISAS\u00bb, escribi\u00f3 el mandatario, quien aleg\u00f3 sin fundamentos que McEntarfer hab\u00eda \u00abfalsificado\u00bb los n\u00fameros del empleo antes de las elecciones de 2024 para impulsar la candidatura de su entonces rival, Kamala Harris.<\/p>\n<p>Antoni, ha publicado en el sitio de la Fundaci\u00f3n varios art\u00edculos favorables a las pol\u00edticas de Trump, incluso est\u00e1 relacionado con los enunciados del Proyecto 2025, especie de manual de casi mil p\u00e1ginas nacido en la contienda electoral 2024 dirigido a una futura administraci\u00f3n republicana.<\/p>\n<p>El economista expres\u00f3 su escepticismo sobre los datos de la BLS y en una aparici\u00f3n p\u00fablica en el podcast del exestratega de Trump, Steve Bannon, inst\u00f3 al presidente a despedir a la anterior comisionada.<\/p>\n<p>El cargo requiere la confirmaci\u00f3n del Senado, pero los republicanos cuentan con una mayor\u00eda (53-47), lo que le facilitar\u00eda m\u00e1s las cosas a Antoni para llegar al puesto.<\/p>\n<p>A principios de agosto, Trump orden\u00f3 despedir a McEntarfer, molesto por la publicaci\u00f3n de un desalentador informe sobre el empleo que reflejaba cifras menores a las esperadas para julio y una importante revisi\u00f3n a la baja de los reportes similares de mayo y junio.<\/p>\n<\/div>\n<\/div>\n<div class=\"elementor-element elementor-element-4f75016 elementor-widget elementor-widget-post-info\" data-id=\"4f75016\" data-element_type=\"widget\" data-widget_type=\"post-info.default\">\n<div class=\"elementor-widget-container\">\n<ul class=\"elementor-inline-items elementor-icon-list-items elementor-post-info\">\n<li class=\"elementor-icon-list-item elementor-repeater-item-17dda3e elementor-inline-item\"><span class=\"elementor-icon-list-text elementor-post-info__item elementor-post-info__item--type-custom\">#<em><a href=\"https:\/\/primermomento.com\/?p=449178\" rel=\"tag\">Inflaci\u00f3n en EEUU<\/a><\/em><\/span><\/li>\n<\/ul>\n<\/div>\n<\/div>\n","protected":false},"excerpt":{"rendered":"<p>Por Prensa Latina Washington, EEUU.- La inflaci\u00f3n en Estados Unidos se mantuvo en 2.7 por ciento en julio, aunque los consumidores podr\u00edan sentir m\u00e1s el impacto de los precios por el efecto de los aranceles del presidente Donald Trump, seg\u00fan datos publicados hoy. El informe de la Oficina de estad\u00edsticas Laborales (BLS) del Departamento de [&hellip;]<\/p>\n","protected":false},"author":1,"featured_media":449179,"comment_status":"open","ping_status":"open","sticky":false,"template":"","format":"standard","meta":{"_bbp_topic_count":0,"_bbp_reply_count":0,"_bbp_total_topic_count":0,"_bbp_total_reply_count":0,"_bbp_voice_count":0,"_bbp_anonymous_reply_count":0,"_bbp_topic_count_hidden":0,"_bbp_reply_count_hidden":0,"_bbp_forum_subforum_count":0,"footnotes":""},"categories":[35],"tags":[],"class_list":{"0":"post-449178","1":"post","2":"type-post","3":"status-publish","4":"format-standard","5":"has-post-thumbnail","7":"category-economia"},"_links":{"self":[{"href":"https:\/\/primermomento.com\/index.php?rest_route=\/wp\/v2\/posts\/449178","targetHints":{"allow":["GET"]}}],"collection":[{"href":"https:\/\/primermomento.com\/index.php?rest_route=\/wp\/v2\/posts"}],"about":[{"href":"https:\/\/primermomento.com\/index.php?rest_route=\/wp\/v2\/types\/post"}],"author":[{"embeddable":true,"href":"https:\/\/primermomento.com\/index.php?rest_route=\/wp\/v2\/users\/1"}],"replies":[{"embeddable":true,"href":"https:\/\/primermomento.com\/index.php?rest_route=%2Fwp%2Fv2%2Fcomments&post=449178"}],"version-history":[{"count":1,"href":"https:\/\/primermomento.com\/index.php?rest_route=\/wp\/v2\/posts\/449178\/revisions"}],"predecessor-version":[{"id":449180,"href":"https:\/\/primermomento.com\/index.php?rest_route=\/wp\/v2\/posts\/449178\/revisions\/449180"}],"wp:featuredmedia":[{"embeddable":true,"href":"https:\/\/primermomento.com\/index.php?rest_route=\/wp\/v2\/media\/449179"}],"wp:attachment":[{"href":"https:\/\/primermomento.com\/index.php?rest_route=%2Fwp%2Fv2%2Fmedia&parent=449178"}],"wp:term":[{"taxonomy":"category","embeddable":true,"href":"https:\/\/primermomento.com\/index.php?rest_route=%2Fwp%2Fv2%2Fcategories&post=449178"},{"taxonomy":"post_tag","embeddable":true,"href":"https:\/\/primermomento.com\/index.php?rest_route=%2Fwp%2Fv2%2Ftags&post=449178"}],"curies":[{"name":"wp","href":"https:\/\/api.w.org\/{rel}","templated":true}]}}