{"id":449190,"date":"2025-08-13T09:02:54","date_gmt":"2025-08-13T13:02:54","guid":{"rendered":"https:\/\/primermomento.com\/?p=449190"},"modified":"2025-08-13T15:03:16","modified_gmt":"2025-08-13T19:03:16","slug":"tribunal-envia-a-juicio-a-hombre-que-mato-a-su-expareja-con-un-arma-blanca-en-azua","status":"publish","type":"post","link":"https:\/\/primermomento.com\/?p=449190","title":{"rendered":"Tribunal env\u00eda a juicio a hombre que mat\u00f3 a su expareja con un arma blanca en Azua"},"content":{"rendered":"<p><strong><em>Por <span style=\"color: #ff0000;\">Servicios de Primermomento.com<\/span><\/em><\/strong><\/p>\n<p>AZUA, Rep\u00fablica Dominicana.- Tras acoger la solicitud del Ministerio P\u00fablico, un tribunal envi\u00f3 a juicio a un hombre que mat\u00f3 de 14 estocadas de arma blanca a su expareja, en un hecho ocurrido el pasado a\u00f1o en la vivienda de la v\u00edctima, en el municipio Las Charcas, de la provincia Azua.<\/p>\n<p>Edward Manuel Alc\u00e1ntara, conocido tambi\u00e9n como Edward Mej\u00eda, deber\u00e1 responder por la muerte de su expareja Yasmerys Alexandra S\u00e1nchez Santana.<\/p>\n<p>La investigaci\u00f3n del caso fue realizada por el fiscal Arodis S\u00e1nchez, mientras que en la litigaci\u00f3n el Ministerio P\u00fablico est\u00e1 representado por la fiscal Mercedes Soriano S\u00e1nchez.<\/p>\n<p>El imputado guarda prisi\u00f3n en la c\u00e1rcel del Kil\u00f3metro 15 de Azua bajo cargos de homicidio agravado (asesinato).<\/p>\n<p>El expediente se\u00f1ala que el hecho ocurri\u00f3 el 8 de diciembre de 2024, alrededor de las 5:00 de la ma\u00f1ana, en la calle Respaldo La Altagracia, del sector Pueblo Nuevo del citado municipio. El ahora condenado mat\u00f3 a su expareja tras propinarle 14 estocadas en diferentes partes del cuerpo con un arma blanca tipo cuchillo.<\/p>\n<p>La jueza de la Instrucci\u00f3n Dayana Gil dict\u00f3 el auto de apertura a juicio al establecer el Ministerio P\u00fablico que el procesado tiene comprometida su responsabilidad penal por violar los art\u00edculos 295, 296, 297, 298 y 302 del C\u00f3digo Penal dominicano.<\/p>\n","protected":false},"excerpt":{"rendered":"<p>Por Servicios de Primermomento.com AZUA, Rep\u00fablica Dominicana.- Tras acoger la solicitud del Ministerio P\u00fablico, un tribunal envi\u00f3 a juicio a un hombre que mat\u00f3 de 14 estocadas de arma blanca a su expareja, en un hecho ocurrido el pasado a\u00f1o en la vivienda de la v\u00edctima, en el municipio Las Charcas, de la provincia Azua. [&hellip;]<\/p>\n","protected":false},"author":1,"featured_media":449191,"comment_status":"open","ping_status":"open","sticky":false,"template":"","format":"standard","meta":{"_bbp_topic_count":0,"_bbp_reply_count":0,"_bbp_total_topic_count":0,"_bbp_total_reply_count":0,"_bbp_voice_count":0,"_bbp_anonymous_reply_count":0,"_bbp_topic_count_hidden":0,"_bbp_reply_count_hidden":0,"_bbp_forum_subforum_count":0,"footnotes":""},"categories":[32],"tags":[],"class_list":{"0":"post-449190","1":"post","2":"type-post","3":"status-publish","4":"format-standard","5":"has-post-thumbnail","7":"category-lo-ultimo"},"_links":{"self":[{"href":"https:\/\/primermomento.com\/index.php?rest_route=\/wp\/v2\/posts\/449190","targetHints":{"allow":["GET"]}}],"collection":[{"href":"https:\/\/primermomento.com\/index.php?rest_route=\/wp\/v2\/posts"}],"about":[{"href":"https:\/\/primermomento.com\/index.php?rest_route=\/wp\/v2\/types\/post"}],"author":[{"embeddable":true,"href":"https:\/\/primermomento.com\/index.php?rest_route=\/wp\/v2\/users\/1"}],"replies":[{"embeddable":true,"href":"https:\/\/primermomento.com\/index.php?rest_route=%2Fwp%2Fv2%2Fcomments&post=449190"}],"version-history":[{"count":1,"href":"https:\/\/primermomento.com\/index.php?rest_route=\/wp\/v2\/posts\/449190\/revisions"}],"predecessor-version":[{"id":449192,"href":"https:\/\/primermomento.com\/index.php?rest_route=\/wp\/v2\/posts\/449190\/revisions\/449192"}],"wp:featuredmedia":[{"embeddable":true,"href":"https:\/\/primermomento.com\/index.php?rest_route=\/wp\/v2\/media\/449191"}],"wp:attachment":[{"href":"https:\/\/primermomento.com\/index.php?rest_route=%2Fwp%2Fv2%2Fmedia&parent=449190"}],"wp:term":[{"taxonomy":"category","embeddable":true,"href":"https:\/\/primermomento.com\/index.php?rest_route=%2Fwp%2Fv2%2Fcategories&post=449190"},{"taxonomy":"post_tag","embeddable":true,"href":"https:\/\/primermomento.com\/index.php?rest_route=%2Fwp%2Fv2%2Ftags&post=449190"}],"curies":[{"name":"wp","href":"https:\/\/api.w.org\/{rel}","templated":true}]}}