{"id":449243,"date":"2025-08-13T16:21:40","date_gmt":"2025-08-13T20:21:40","guid":{"rendered":"https:\/\/primermomento.com\/?p=449243"},"modified":"2025-08-14T06:43:00","modified_gmt":"2025-08-14T10:43:00","slug":"inauguran-en-el-aila-nueva-terminal-courier-para-manejo-de-mercancia-comprada-por-internet","status":"publish","type":"post","link":"https:\/\/primermomento.com\/?p=449243","title":{"rendered":"Inauguran en el AILA nueva terminal courier para manejo de mercanc\u00eda comprada por internet"},"content":{"rendered":"<p dir=\"ltr\"><strong><em>Por <span style=\"color: #ff0000;\">Servicios de Primermomento.com<\/span><\/em><\/strong><\/p>\n<p dir=\"ltr\">SANTO DOMINGO, Rep\u00fablica Dominicana.- El presidente Luis Abinader\u00a0y el director general de Aduanas,\u00a0Eduardo Sanz Lovat\u00f3n, inauguraron este mi\u00e9rcoles una\u00a0moderna terminal courier\u00a0para el manejo y almacenaje de\u00a0paqueter\u00eda expresa y comercio electr\u00f3nico, en el\u00a0Aeropuerto Internacional Las Am\u00e9ricas Dr. Jos\u00e9 Francisco Pe\u00f1a G\u00f3mez.<\/p>\n<p dir=\"ltr\">La obra, que representa una inversi\u00f3n de USD 10 millones,\u00a0incrementa la capacidad de procesamiento en un 186 %\u00a0y dispone de una superficie total de 4,858 m\u00b2.<\/p>\n<p dir=\"ltr\">Con esta ampliaci\u00f3n, podr\u00e1n ser despachados\u00a0m\u00e1s de 4 millones de paquetes adicionales cada a\u00f1o, cumpliendo con los m\u00e1s altos est\u00e1ndares de\u00a0calidad y seguridad.<\/p>\n<p dir=\"ltr\">El director de la DGA, Yayo Sanz Lovat\u00f3n, destac\u00f3 que<em>\u00a0\u201cson m\u00e1s de 4 millones de paquetes adicionales que podremos procesar, y lo haremos con eficiencia, seguridad y tecnolog\u00eda de punta\u201d.<\/em><\/p>\n<p dir=\"ltr\">Por su parte,\u00a0M\u00f3nika Infante, CEO de Aeropuertos Dominicanos Siglo XXI (Aerodom), as\u00ed lo subray\u00f3:<em>\u00a0\u201cAerodom y Vinci Airports mantienen un compromiso inquebrantable con el desarrollo del pa\u00eds. Cada inversi\u00f3n fortalece la infraestructura aeroportuaria, impulsa el crecimiento econ\u00f3mico y asegura una conectividad a\u00e9rea segura, eficiente y continua. Esta nueva terminal, destinada a la Direcci\u00f3n General de Aduanas, permitir\u00e1 una gesti\u00f3n m\u00e1s \u00e1gil, segura y eficiente\u201d.<\/em><\/p>\n<p dir=\"ltr\">En materia de seguridad, la instalaci\u00f3n cuenta con equipos de\u00a0rayos X de \u00faltima generaci\u00f3n, que agilizan y optimizan la inspecci\u00f3n de todos los paquetes expresos que ingresan al pa\u00eds, reforzando al mismo tiempo la seguridad nacional.<\/p>\n<p dir=\"ltr\">Los trabajos iniciaron en mayo de 2023, respondiendo al crecimiento sostenido del comercio electr\u00f3nico en la Rep\u00fablica Dominicana. La obra fue posible gracias a una\u00a0alianza p\u00fablico-privada, sin costo para el Estado dominicano.<\/p>\n<p dir=\"ltr\">La nueva terminal courier operar\u00e1\u00a024 horas al d\u00eda, los 7 d\u00edas de la semana, lo cual beneficia a los usuarios con un despacho m\u00e1s r\u00e1pido, mejor resguardo de la carga y mayor trazabilidad.<\/p>\n<p dir=\"ltr\"><em>\u201cSeguimos trabajando para que la Rep\u00fablica Dominicana sea un hub log\u00edstico de clase mundial\u201d,<\/em>\u00a0concluy\u00f3 Sanz Lovat\u00f3n.<\/p>\n<p dir=\"ltr\"><strong>Reconocimiento<\/strong><\/p>\n<p dir=\"ltr\">Durante el evento, la Asociaci\u00f3n Dominicana de Empresas Courier\u00a0(Asodec), entreg\u00f3 un\u00a0reconocimiento al presidente Luis Abinader,\u00a0por su visi\u00f3n, liderazgo y motivaci\u00f3n para la realizaci\u00f3n de este proyecto.<\/p>\n<p dir=\"ltr\">El reconocimiento fue entregado por\u00a0Tom\u00e1s Berrido, director de Asodec.<\/p>\n<p dir=\"ltr\">La actividad cont\u00f3 con la presencia del ministro de Defensa, teniente general\u00a0Carlos Antonio Fern\u00e1ndez Onofre; el de la Presidencia,\u00a0Jos\u00e9 Ignacio Paliza; el de Turismo,\u00a0David Collado, y el de Cultura,\u00a0Roberto \u00c1ngel Salcedo, as\u00ed como el director del Departamento Aeroportuario (DA),\u00a0V\u00edctor Pichardo.<\/p>\n<p>Tambi\u00e9n, el director ejecutivo de la Direcci\u00f3n General de Alianzas P\u00fablico-Privadas (DGAPP),\u00a0Andr\u00e9s Lugo Risk; el director general de la Polic\u00eda Nacional, mayor general\u00a0Ram\u00f3n Antonio Guzm\u00e1n Peralta, y el director general de Migraci\u00f3n, vicealmirante\u00a0Luis Rafael Lee Ballester, entre otras autoridades gubernamentales y congresuales.<\/p>\n","protected":false},"excerpt":{"rendered":"<p>Por Servicios de Primermomento.com SANTO DOMINGO, Rep\u00fablica Dominicana.- El presidente Luis Abinader\u00a0y el director general de Aduanas,\u00a0Eduardo Sanz Lovat\u00f3n, inauguraron este mi\u00e9rcoles una\u00a0moderna terminal courier\u00a0para el manejo y almacenaje de\u00a0paqueter\u00eda expresa y comercio electr\u00f3nico, en el\u00a0Aeropuerto Internacional Las Am\u00e9ricas Dr. Jos\u00e9 Francisco Pe\u00f1a G\u00f3mez. La obra, que representa una inversi\u00f3n de USD 10 millones,\u00a0incrementa la [&hellip;]<\/p>\n","protected":false},"author":1,"featured_media":449244,"comment_status":"open","ping_status":"open","sticky":false,"template":"","format":"standard","meta":{"_bbp_topic_count":0,"_bbp_reply_count":0,"_bbp_total_topic_count":0,"_bbp_total_reply_count":0,"_bbp_voice_count":0,"_bbp_anonymous_reply_count":0,"_bbp_topic_count_hidden":0,"_bbp_reply_count_hidden":0,"_bbp_forum_subforum_count":0,"footnotes":""},"categories":[35],"tags":[],"class_list":{"0":"post-449243","1":"post","2":"type-post","3":"status-publish","4":"format-standard","5":"has-post-thumbnail","7":"category-economia"},"_links":{"self":[{"href":"https:\/\/primermomento.com\/index.php?rest_route=\/wp\/v2\/posts\/449243","targetHints":{"allow":["GET"]}}],"collection":[{"href":"https:\/\/primermomento.com\/index.php?rest_route=\/wp\/v2\/posts"}],"about":[{"href":"https:\/\/primermomento.com\/index.php?rest_route=\/wp\/v2\/types\/post"}],"author":[{"embeddable":true,"href":"https:\/\/primermomento.com\/index.php?rest_route=\/wp\/v2\/users\/1"}],"replies":[{"embeddable":true,"href":"https:\/\/primermomento.com\/index.php?rest_route=%2Fwp%2Fv2%2Fcomments&post=449243"}],"version-history":[{"count":1,"href":"https:\/\/primermomento.com\/index.php?rest_route=\/wp\/v2\/posts\/449243\/revisions"}],"predecessor-version":[{"id":449245,"href":"https:\/\/primermomento.com\/index.php?rest_route=\/wp\/v2\/posts\/449243\/revisions\/449245"}],"wp:featuredmedia":[{"embeddable":true,"href":"https:\/\/primermomento.com\/index.php?rest_route=\/wp\/v2\/media\/449244"}],"wp:attachment":[{"href":"https:\/\/primermomento.com\/index.php?rest_route=%2Fwp%2Fv2%2Fmedia&parent=449243"}],"wp:term":[{"taxonomy":"category","embeddable":true,"href":"https:\/\/primermomento.com\/index.php?rest_route=%2Fwp%2Fv2%2Fcategories&post=449243"},{"taxonomy":"post_tag","embeddable":true,"href":"https:\/\/primermomento.com\/index.php?rest_route=%2Fwp%2Fv2%2Ftags&post=449243"}],"curies":[{"name":"wp","href":"https:\/\/api.w.org\/{rel}","templated":true}]}}