{"id":449246,"date":"2025-08-13T16:24:40","date_gmt":"2025-08-13T20:24:40","guid":{"rendered":"https:\/\/primermomento.com\/?p=449246"},"modified":"2025-08-14T06:52:50","modified_gmt":"2025-08-14T10:52:50","slug":"presidente-abinader-deja-iniciada-construccion-de-moderna-terminal-de-pasajeros-en-el-aila","status":"publish","type":"post","link":"https:\/\/primermomento.com\/?p=449246","title":{"rendered":"Presidente Abinader deja iniciada construcci\u00f3n de moderna terminal de pasajeros en el AILA"},"content":{"rendered":"<p dir=\"ltr\"><strong><em>Por <span style=\"color: #ff0000;\">Servicios de Primermomento.com<\/span><\/em><\/strong><\/p>\n<p dir=\"ltr\">SANTO DOMINGO, Rep\u00fablica Dominicana.- El\u00a0presidente Luis Abinader\u00a0dej\u00f3\u00a0iniciados\u00a0este mi\u00e9rcoles los trabajos para la construcci\u00f3n de una\u00a0moderna terminal de pasajeros\u00a0en el Aeropuerto Internacional Las Am\u00e9ricas, Jos\u00e9 Francisco Pe\u00f1a G\u00f3mez\u00a0(AILA), con una inversi\u00f3n de\u00a0250 millones de d\u00f3lares, destinada a ampliar la capacidad y mejorar la experiencia de los viajeros.<\/p>\n<p dir=\"ltr\">El proyecto se perfila como un referente regional gracias a\u00a0su dise\u00f1o moderno, su funcionalidad y su enfoque en la sostenibilidad. El nuevo edificio terminal estar\u00e1 distribuido en tres niveles e incorporar\u00e1\u00a0lo m\u00e1s avanzado en tecnolog\u00eda y eficiencia operativa.<\/p>\n<p dir=\"ltr\">De su lado, el ministro de Obras P\u00fablicas y presidente de la Comisi\u00f3n Aeroportuaria,\u00a0Eduardo Estrella, expres\u00f3 que el Aeropuerto Internacional de Las Am\u00e9ricas (AILA) tendr\u00e1 un\u00a0impacto significativo\u00a0tanto para los residentes como para el desarrollo del turismo en la Rep\u00fablica Dominicana gracias a esta intervenci\u00f3n. Se\u00f1al\u00f3 que la nueva terminal contribuir\u00e1 a\u00a0agilizar los procesos de llegada y salida de los viajeros,\u00a0de manera que mejorar\u00e1 la eficiencia operativa del aeropuerto.<\/p>\n<p dir=\"ltr\">Agreg\u00f3 que la infraestructura contar\u00e1 con una extensi\u00f3n de 33,000 metros cuadrados y\u00a010 puestos de embarque, lo cual permitir\u00e1 recibir\u00a0hasta 4 millones de pasajeros adicionales al a\u00f1o.<\/p>\n<p dir=\"ltr\">En tanto, el ministro de Turismo,\u00a0David Collado, destac\u00f3 que el Aeropuerto Internacional Las Am\u00e9ricas (AILA) no hab\u00eda tenido una intervenci\u00f3n de este tipo desde 1956.<\/p>\n<p dir=\"ltr\">Asimismo, Collado inform\u00f3 que\u00a0en septiembre se entregar\u00e1 el parque submarino La Caleta, que hab\u00eda estado abandonado y deteriorado durante 50 a\u00f1os, y que ya se encuentra en un 90 % de su reconstrucci\u00f3n. El parque contar\u00e1 con estacionamientos, iluminaci\u00f3n, zonas de esparcimiento, acondicionamiento de la playa, \u00e1reas de comidas y otras facilidades para el\u00a0disfrute de los turistas.<\/p>\n<p dir=\"ltr\">Por su parte, la directora general de Aerodom, M\u00f3nika Infante, afirm\u00f3 que el proyecto iniciado hoy constituye un\u00a0hito hist\u00f3rico para la infraestructura aeroportuaria\u00a0de la Rep\u00fablica Dominicana. Destac\u00f3 que, bajo el\u00a0liderazgo del presidente Abinader, el Gobierno ha impulsado un\u00a0crecimiento sin precedentes\u00a0en la industria tur\u00edstica y el tr\u00e1fico a\u00e9reo, fortaleciendo la inversi\u00f3n, la conectividad y la experiencia de los pasajeros, as\u00ed como la econom\u00eda e infraestructura del pa\u00eds.<\/p>\n<p dir=\"ltr\">La terminal contar\u00e1 con un \u00e1rea de llegadas equipada con sistema automatizado de manejo de equipajes y cuatro cintas transportadoras, \u00e1rea de salidas con 38 mostradores, cuatro l\u00edneas de seguridad, dos salones VIP y puertas de embarque con 10 posiciones. Adem\u00e1s, ofrecer\u00e1 amplias zonas de espera y una renovada oferta comercial y gastron\u00f3mica para los pasajeros.<\/p>\n<p dir=\"ltr\">La obra incluye una nueva plataforma de aviaci\u00f3n con\u00a0capacidad para operar hasta 13 aeronaves simult\u00e1neamente\u00a0y 900 nuevas plazas de estacionamiento para veh\u00edculos.<\/p>\n<p dir=\"ltr\">Estuvieron presentes el ministro de la Presidencia,\u00a0Jos\u00e9 Ignacio Paliza, y el de Defensa, teniente general\u00a0Carlos Antonio Fern\u00e1ndez Onofre, as\u00ed como el comandante de la Fuerza A\u00e9rea, mayor general piloto\u00a0Floreal T. Su\u00e1rez Mart\u00ednez.<\/p>\n<p dir=\"ltr\">Tambi\u00e9n, el director de la Polic\u00eda Nacional, mayor general\u00a0Ram\u00f3n Antonio Guzm\u00e1n Peralta; de Migraci\u00f3n, vicealmirante\u00a0Luis Rafael Lee Ballester; del Instituto Dominicano de Aviaci\u00f3n Civil (IDAC),\u00a0Igor Rodr\u00edguez; del Departamento Aeroportuario,\u00a0V\u00edctor Pichardo; de ProDominicana,\u00a0Biviana Riveiro, y del Cuerpo Especializado en Seguridad Aeroportuaria y de la Aviaci\u00f3n Civil (Cesac), el general de brigada piloto\u00a0Enmanuel Souffront Tamayo\u00a0(FARD), adem\u00e1s de la embajadora de Francia en el pa\u00eds,\u00a0Sonia Barbry.<\/p>\n","protected":false},"excerpt":{"rendered":"<p>Por Servicios de Primermomento.com SANTO DOMINGO, Rep\u00fablica Dominicana.- El\u00a0presidente Luis Abinader\u00a0dej\u00f3\u00a0iniciados\u00a0este mi\u00e9rcoles los trabajos para la construcci\u00f3n de una\u00a0moderna terminal de pasajeros\u00a0en el Aeropuerto Internacional Las Am\u00e9ricas, Jos\u00e9 Francisco Pe\u00f1a G\u00f3mez\u00a0(AILA), con una inversi\u00f3n de\u00a0250 millones de d\u00f3lares, destinada a ampliar la capacidad y mejorar la experiencia de los viajeros. El proyecto se perfila como [&hellip;]<\/p>\n","protected":false},"author":1,"featured_media":449247,"comment_status":"open","ping_status":"open","sticky":false,"template":"","format":"standard","meta":{"_bbp_topic_count":0,"_bbp_reply_count":0,"_bbp_total_topic_count":0,"_bbp_total_reply_count":0,"_bbp_voice_count":0,"_bbp_anonymous_reply_count":0,"_bbp_topic_count_hidden":0,"_bbp_reply_count_hidden":0,"_bbp_forum_subforum_count":0,"footnotes":""},"categories":[35],"tags":[],"class_list":{"0":"post-449246","1":"post","2":"type-post","3":"status-publish","4":"format-standard","5":"has-post-thumbnail","7":"category-economia"},"_links":{"self":[{"href":"https:\/\/primermomento.com\/index.php?rest_route=\/wp\/v2\/posts\/449246","targetHints":{"allow":["GET"]}}],"collection":[{"href":"https:\/\/primermomento.com\/index.php?rest_route=\/wp\/v2\/posts"}],"about":[{"href":"https:\/\/primermomento.com\/index.php?rest_route=\/wp\/v2\/types\/post"}],"author":[{"embeddable":true,"href":"https:\/\/primermomento.com\/index.php?rest_route=\/wp\/v2\/users\/1"}],"replies":[{"embeddable":true,"href":"https:\/\/primermomento.com\/index.php?rest_route=%2Fwp%2Fv2%2Fcomments&post=449246"}],"version-history":[{"count":1,"href":"https:\/\/primermomento.com\/index.php?rest_route=\/wp\/v2\/posts\/449246\/revisions"}],"predecessor-version":[{"id":449248,"href":"https:\/\/primermomento.com\/index.php?rest_route=\/wp\/v2\/posts\/449246\/revisions\/449248"}],"wp:featuredmedia":[{"embeddable":true,"href":"https:\/\/primermomento.com\/index.php?rest_route=\/wp\/v2\/media\/449247"}],"wp:attachment":[{"href":"https:\/\/primermomento.com\/index.php?rest_route=%2Fwp%2Fv2%2Fmedia&parent=449246"}],"wp:term":[{"taxonomy":"category","embeddable":true,"href":"https:\/\/primermomento.com\/index.php?rest_route=%2Fwp%2Fv2%2Fcategories&post=449246"},{"taxonomy":"post_tag","embeddable":true,"href":"https:\/\/primermomento.com\/index.php?rest_route=%2Fwp%2Fv2%2Ftags&post=449246"}],"curies":[{"name":"wp","href":"https:\/\/api.w.org\/{rel}","templated":true}]}}