{"id":449349,"date":"2025-08-15T08:07:00","date_gmt":"2025-08-15T12:07:00","guid":{"rendered":"https:\/\/primermomento.com\/?p=449349"},"modified":"2025-08-15T08:26:07","modified_gmt":"2025-08-15T12:26:07","slug":"trabajo-en-equipo-permitio-uso-de-pista-alterna-en-aeropuerto-dominicano","status":"publish","type":"post","link":"https:\/\/primermomento.com\/?p=449349","title":{"rendered":"Trabajo en equipo permiti\u00f3 uso de pista alterna en aeropuerto dominicano"},"content":{"rendered":"<div class=\"elementor-element elementor-element-0aea3a0 elementor-widget elementor-widget-theme-post-content\" data-id=\"0aea3a0\" data-element_type=\"widget\" data-widget_type=\"theme-post-content.default\">\n<div class=\"elementor-widget-container\">\n<p><strong><em>Por <span style=\"color: #ff0000;\">Prensa Latina<\/span><\/em><\/strong><\/p>\n<p>SANTO DOMINGO, Rep\u00fablica Dominicana.- La directora de Aeropuertos Dominicanos Siglo XXI (Aerodom), M\u00f3nika Infante, destac\u00f3 la alianza con el Instituto nacional de Aviaci\u00f3n Civil (Idac), que posibilit\u00f3 la habilitaci\u00f3n de la pista alterna del Aeropuerto Internacional de Las Am\u00e9ricas (AILA).<\/p>\n<p>Infante resalt\u00f3 la capacidad de gesti\u00f3n del director general del Idac, Igor Rodr\u00edguez, quien encabez\u00f3 los trabajos conjuntos para concluir, en el tiempo previsto, la referida pista del aeropuerto doctor Jos\u00e9 Francisco Pe\u00f1a G\u00f3mez, en esta capital.<\/p>\n<p>Infante destac\u00f3 que este logro es el resultado de una estrecha colaboraci\u00f3n interinstitucional, en la que la planificaci\u00f3n fue clave para asegurar la continuidad de las operaciones a\u00e9reas mientras se mejoraba el campo de aterrizaje y despegue principal del AILA.<\/p>\n<p>Durante las vacaciones de julio y agosto aument\u00f3 el flujo de pasajeros con m\u00e1s de 120 vuelos diarios desde y hacia este aeropuerto, seg\u00fan autoridades del sector.<\/p>\n<\/div>\n<\/div>\n<div class=\"elementor-element elementor-element-4f75016 elementor-widget elementor-widget-post-info\" data-id=\"4f75016\" data-element_type=\"widget\" data-widget_type=\"post-info.default\">\n<div class=\"elementor-widget-container\">\n<ul class=\"elementor-inline-items elementor-icon-list-items elementor-post-info\">\n<li class=\"elementor-icon-list-item elementor-repeater-item-17dda3e elementor-inline-item\"><em><span class=\"elementor-icon-list-text elementor-post-info__item elementor-post-info__item--type-custom\">#<a href=\"https:\/\/primermomento.com\/?p=449349\" rel=\"tag\">aeropuerto AILA<\/a>\u00a0#<a href=\"https:\/\/primermomento.com\/?p=449349\" rel=\"tag\">pista alterna<\/a><\/span><\/em><\/li>\n<\/ul>\n<\/div>\n<\/div>\n","protected":false},"excerpt":{"rendered":"<p>Por Prensa Latina SANTO DOMINGO, Rep\u00fablica Dominicana.- La directora de Aeropuertos Dominicanos Siglo XXI (Aerodom), M\u00f3nika Infante, destac\u00f3 la alianza con el Instituto nacional de Aviaci\u00f3n Civil (Idac), que posibilit\u00f3 la habilitaci\u00f3n de la pista alterna del Aeropuerto Internacional de Las Am\u00e9ricas (AILA). Infante resalt\u00f3 la capacidad de gesti\u00f3n del director general del Idac, Igor [&hellip;]<\/p>\n","protected":false},"author":1,"featured_media":449350,"comment_status":"open","ping_status":"open","sticky":false,"template":"","format":"standard","meta":{"_bbp_topic_count":0,"_bbp_reply_count":0,"_bbp_total_topic_count":0,"_bbp_total_reply_count":0,"_bbp_voice_count":0,"_bbp_anonymous_reply_count":0,"_bbp_topic_count_hidden":0,"_bbp_reply_count_hidden":0,"_bbp_forum_subforum_count":0,"footnotes":""},"categories":[35],"tags":[],"class_list":{"0":"post-449349","1":"post","2":"type-post","3":"status-publish","4":"format-standard","5":"has-post-thumbnail","7":"category-economia"},"_links":{"self":[{"href":"https:\/\/primermomento.com\/index.php?rest_route=\/wp\/v2\/posts\/449349","targetHints":{"allow":["GET"]}}],"collection":[{"href":"https:\/\/primermomento.com\/index.php?rest_route=\/wp\/v2\/posts"}],"about":[{"href":"https:\/\/primermomento.com\/index.php?rest_route=\/wp\/v2\/types\/post"}],"author":[{"embeddable":true,"href":"https:\/\/primermomento.com\/index.php?rest_route=\/wp\/v2\/users\/1"}],"replies":[{"embeddable":true,"href":"https:\/\/primermomento.com\/index.php?rest_route=%2Fwp%2Fv2%2Fcomments&post=449349"}],"version-history":[{"count":1,"href":"https:\/\/primermomento.com\/index.php?rest_route=\/wp\/v2\/posts\/449349\/revisions"}],"predecessor-version":[{"id":449351,"href":"https:\/\/primermomento.com\/index.php?rest_route=\/wp\/v2\/posts\/449349\/revisions\/449351"}],"wp:featuredmedia":[{"embeddable":true,"href":"https:\/\/primermomento.com\/index.php?rest_route=\/wp\/v2\/media\/449350"}],"wp:attachment":[{"href":"https:\/\/primermomento.com\/index.php?rest_route=%2Fwp%2Fv2%2Fmedia&parent=449349"}],"wp:term":[{"taxonomy":"category","embeddable":true,"href":"https:\/\/primermomento.com\/index.php?rest_route=%2Fwp%2Fv2%2Fcategories&post=449349"},{"taxonomy":"post_tag","embeddable":true,"href":"https:\/\/primermomento.com\/index.php?rest_route=%2Fwp%2Fv2%2Ftags&post=449349"}],"curies":[{"name":"wp","href":"https:\/\/api.w.org\/{rel}","templated":true}]}}