{"id":449390,"date":"2025-08-15T08:07:33","date_gmt":"2025-08-15T12:07:33","guid":{"rendered":"https:\/\/primermomento.com\/?p=449390"},"modified":"2025-08-15T14:32:48","modified_gmt":"2025-08-15T18:32:48","slug":"republica-dominicana-y-bolivia-sostienen-acercamiento-empresarial","status":"publish","type":"post","link":"https:\/\/primermomento.com\/?p=449390","title":{"rendered":"Rep\u00fablica Dominicana y Bolivia sostienen acercamiento empresarial"},"content":{"rendered":"<p><em><strong>Por <span style=\"color: #ff0000;\">Prensa Latina<\/span><\/strong><\/em><\/p>\n<p>SANTO DOMINGO, Rep\u00fablica Dominicana.- El Ministerio dominicano de Relaciones Exteriores (MIREX) y una misi\u00f3n empresarial de alto nivel de Bolivia iniciaron un di\u00e1logo dirigido al fortalecimiento de las relaciones comerciales y de negocios entre ambos pa\u00edses, inform\u00f3 hoy la Canciller\u00eda.<\/p>\n<div class=\"elementor-element elementor-element-0aea3a0 elementor-widget elementor-widget-theme-post-content\" data-id=\"0aea3a0\" data-element_type=\"widget\" data-widget_type=\"theme-post-content.default\">\n<div class=\"elementor-widget-container\">\n<p>Con ese prop\u00f3sito tuvo lugar la conferencia \u201cConectando a Bolivia y Rep\u00fablica Dominicana\u201d, encabezada por el viceministro de Pol\u00edtica Exterior Bilateral, Francisco Caraballo.<\/p>\n<p>El vicetitular resalt\u00f3 que la actividad abre las puertas a un valioso intercambio de ideas con el sector empresarial nacional y consider\u00f3 la visita una excelente oportunidad para robustecer los v\u00ednculos hist\u00f3ricos que unen a las dos naciones.<\/p>\n<p>\u201cConsideramos esta misi\u00f3n un paso firme hacia una agenda com\u00fan de cooperaci\u00f3n econ\u00f3mica y desarrollo compartido; aspiramos a que el di\u00e1logo que hoy iniciamos se traduzca en acciones que generen beneficios tangibles para nuestras sociedades\u201d, dijo Caraballo.<\/p>\n<p>Durante el encuentro, la Presentaci\u00f3n Pa\u00eds estuvo a cargo del viceministro para Asuntos Econ\u00f3micos y Cooperaci\u00f3n Internacional, Hugo Francisco Rivera, quien resalt\u00f3 la oportunidad de trabajar juntos y evaluar oportunidades de negocios.<\/p>\n<p>En la conferencia se abordaron los temas Inversi\u00f3n; Industria y Turismo Inmobiliario; as\u00ed como Retos y Soluciones Financieras y Fiduciarias.<\/p>\n<p>Tambi\u00e9n cont\u00f3 con la participaci\u00f3n del presidente del Consejo Nacional de la Empresa Privada, Celso Marranzini; la presidenta de Centro C\u00e1mara Dominicana, Kathy Grull\u00f3n; los presidentes del BHD, Steven Puig; y de la Asociaci\u00f3n de Bancos M\u00faltiples de Rep\u00fablica Dominicana, Rosanna Ruiz.<\/p>\n<p>Durante su estancia en la naci\u00f3n caribe\u00f1a, los bolivianos sostuvieron encuentros con diferentes instituciones locales con miras a identificar oportunidades de negocios e intercambio comercial.<\/p>\n<\/div>\n<\/div>\n<div class=\"elementor-element elementor-element-4f75016 elementor-widget elementor-widget-post-info\" data-id=\"4f75016\" data-element_type=\"widget\" data-widget_type=\"post-info.default\">\n<div class=\"elementor-widget-container\">\n<ul class=\"elementor-inline-items elementor-icon-list-items elementor-post-info\">\n<li class=\"elementor-icon-list-item elementor-repeater-item-17dda3e elementor-inline-item\"><em><span class=\"elementor-icon-list-text elementor-post-info__item elementor-post-info__item--type-custom\">#<a href=\"https:\/\/primermomento.com\/?p=449390\" rel=\"tag\">bolivia<\/a>\u00a0#<a href=\"https:\/\/primermomento.com\/?p=449390\" rel=\"tag\">mirex<\/a>\u00a0#<a href=\"https:\/\/primermomento.com\/?p=449390\" rel=\"tag\">negocios<\/a><\/span><\/em><\/li>\n<\/ul>\n<\/div>\n<\/div>\n","protected":false},"excerpt":{"rendered":"<p>Por Prensa Latina SANTO DOMINGO, Rep\u00fablica Dominicana.- El Ministerio dominicano de Relaciones Exteriores (MIREX) y una misi\u00f3n empresarial de alto nivel de Bolivia iniciaron un di\u00e1logo dirigido al fortalecimiento de las relaciones comerciales y de negocios entre ambos pa\u00edses, inform\u00f3 hoy la Canciller\u00eda. Con ese prop\u00f3sito tuvo lugar la conferencia \u201cConectando a Bolivia y Rep\u00fablica [&hellip;]<\/p>\n","protected":false},"author":1,"featured_media":449391,"comment_status":"open","ping_status":"open","sticky":false,"template":"","format":"standard","meta":{"_bbp_topic_count":0,"_bbp_reply_count":0,"_bbp_total_topic_count":0,"_bbp_total_reply_count":0,"_bbp_voice_count":0,"_bbp_anonymous_reply_count":0,"_bbp_topic_count_hidden":0,"_bbp_reply_count_hidden":0,"_bbp_forum_subforum_count":0,"footnotes":""},"categories":[35],"tags":[],"class_list":{"0":"post-449390","1":"post","2":"type-post","3":"status-publish","4":"format-standard","5":"has-post-thumbnail","7":"category-economia"},"_links":{"self":[{"href":"https:\/\/primermomento.com\/index.php?rest_route=\/wp\/v2\/posts\/449390","targetHints":{"allow":["GET"]}}],"collection":[{"href":"https:\/\/primermomento.com\/index.php?rest_route=\/wp\/v2\/posts"}],"about":[{"href":"https:\/\/primermomento.com\/index.php?rest_route=\/wp\/v2\/types\/post"}],"author":[{"embeddable":true,"href":"https:\/\/primermomento.com\/index.php?rest_route=\/wp\/v2\/users\/1"}],"replies":[{"embeddable":true,"href":"https:\/\/primermomento.com\/index.php?rest_route=%2Fwp%2Fv2%2Fcomments&post=449390"}],"version-history":[{"count":1,"href":"https:\/\/primermomento.com\/index.php?rest_route=\/wp\/v2\/posts\/449390\/revisions"}],"predecessor-version":[{"id":449392,"href":"https:\/\/primermomento.com\/index.php?rest_route=\/wp\/v2\/posts\/449390\/revisions\/449392"}],"wp:featuredmedia":[{"embeddable":true,"href":"https:\/\/primermomento.com\/index.php?rest_route=\/wp\/v2\/media\/449391"}],"wp:attachment":[{"href":"https:\/\/primermomento.com\/index.php?rest_route=%2Fwp%2Fv2%2Fmedia&parent=449390"}],"wp:term":[{"taxonomy":"category","embeddable":true,"href":"https:\/\/primermomento.com\/index.php?rest_route=%2Fwp%2Fv2%2Fcategories&post=449390"},{"taxonomy":"post_tag","embeddable":true,"href":"https:\/\/primermomento.com\/index.php?rest_route=%2Fwp%2Fv2%2Ftags&post=449390"}],"curies":[{"name":"wp","href":"https:\/\/api.w.org\/{rel}","templated":true}]}}