{"id":449820,"date":"2025-08-21T07:33:39","date_gmt":"2025-08-21T11:33:39","guid":{"rendered":"https:\/\/primermomento.com\/?p=449820"},"modified":"2025-08-21T14:26:57","modified_gmt":"2025-08-21T18:26:57","slug":"gobierno-dominicano-somete-al-congreso-nacional-plan-de-presupuesto-del-estado","status":"publish","type":"post","link":"https:\/\/primermomento.com\/?p=449820","title":{"rendered":"Gobierno dominicano somete al Congreso Nacional plan de presupuesto del Estado"},"content":{"rendered":"<p><em><strong>Por <span style=\"color: #ff0000;\">Prensa Latina<\/span><\/strong><\/em><\/p>\n<p>SANTO DOMINGO, Rep\u00fablica Dominicana.- El Gobierno dominicano someti\u00f3 al Congreso Nacional el proyecto que modifica la Ley n\u00famero 80-24, que aprueba el Presupuesto General del Estado para 2025, informaron fuentes oficiales.<\/p>\n<div class=\"elementor-element elementor-element-0aea3a0 elementor-widget elementor-widget-theme-post-content\" data-id=\"0aea3a0\" data-element_type=\"widget\" data-widget_type=\"theme-post-content.default\">\n<div class=\"elementor-widget-container\">\n<p>La iniciativa plantea la aplicaci\u00f3n de una pol\u00edtica fiscal orientada a mitigar los efectos de la coyuntura internacional y proteger el dinamismo de la econom\u00eda nacional, mediante un incremento en el gasto de capital, priorizando la inversi\u00f3n p\u00fablica como motor para impulsar la actividad econ\u00f3mica y promover un crecimiento sostenible.<\/p>\n<p>En total, los ingresos estimados para 2025 representan el 16.0 por ciento del Producto Interno Bruto (PIB) proyectado, mientras en materia de gastos se plantea un aumento de 4.7 por ciento respecto a lo aprobado en un inicio.<\/p>\n<p>De acuerdo con un comunicado de la Presidencia, estos recursos adicionales se destinar\u00e1n principalmente a proyectos de inversi\u00f3n p\u00fablica a cargo de los Ministerios de Obras P\u00fablicas y Comunicaciones, Vivienda y la Oficina para el Reordenamiento del Transporte.<\/p>\n<p>Asimismo, el Instituto Nacional de Aguas Potables y Alcantarillados, el Servicio Nacional de Salud, la Comisi\u00f3n Presidencial de Desarrollo Provincial y los Gobiernos locales, entre otras instituciones.<\/p>\n<p>Trascendi\u00f3 que la subida en el gasto incluye la atenci\u00f3n de prioridades en salud, como el mejoramiento de las condiciones en los hospitales, seguridad nacional y programas sociales, adem\u00e1s de recursos extra para organismos constitucionales. Como resultado, se proyecta un aumento del d\u00e9ficit fiscal, que pasar\u00e1 de 3.0 por ciento a 3.47 por ciento del PIB estimado para 2025.<\/p>\n<p>Sin embargo, este acrecentamiento ser\u00e1 financiado principalmente con excedentes de ejercicios presupuestarios anteriores, lo que asegura que no se generen presiones adicionales sobre la deuda p\u00fablica, de acuerdo con la nota oficial.<\/p>\n<p>Puntualiza que este proyecto garantiza el cumplimiento de la Ley 35-24, de Responsabilidad Fiscal, asegurando que la expansi\u00f3n del gasto se realice de manera equilibrada, sin comprometer la sostenibilidad ni la estabilidad macroecon\u00f3mica<\/p>\n<\/div>\n<\/div>\n<div class=\"elementor-element elementor-element-4f75016 elementor-widget elementor-widget-post-info\" data-id=\"4f75016\" data-element_type=\"widget\" data-widget_type=\"post-info.default\">\n<div class=\"elementor-widget-container\">\n<ul class=\"elementor-inline-items elementor-icon-list-items elementor-post-info\">\n<li class=\"elementor-icon-list-item elementor-repeater-item-17dda3e elementor-inline-item\"><em><span class=\"elementor-icon-list-text elementor-post-info__item elementor-post-info__item--type-custom\">#<a href=\"https:\/\/primermomento.com\/?p=449820\" rel=\"tag\">cambios presupuesto 2025<\/a>\u00a0#<a href=\"https:\/\/primermomento.com\/?p=449820\" rel=\"tag\">congreso<\/a><\/span><\/em><\/li>\n<\/ul>\n<\/div>\n<\/div>\n","protected":false},"excerpt":{"rendered":"<p>Por Prensa Latina SANTO DOMINGO, Rep\u00fablica Dominicana.- El Gobierno dominicano someti\u00f3 al Congreso Nacional el proyecto que modifica la Ley n\u00famero 80-24, que aprueba el Presupuesto General del Estado para 2025, informaron fuentes oficiales. La iniciativa plantea la aplicaci\u00f3n de una pol\u00edtica fiscal orientada a mitigar los efectos de la coyuntura internacional y proteger el [&hellip;]<\/p>\n","protected":false},"author":1,"featured_media":279224,"comment_status":"open","ping_status":"open","sticky":false,"template":"","format":"standard","meta":{"_bbp_topic_count":0,"_bbp_reply_count":0,"_bbp_total_topic_count":0,"_bbp_total_reply_count":0,"_bbp_voice_count":0,"_bbp_anonymous_reply_count":0,"_bbp_topic_count_hidden":0,"_bbp_reply_count_hidden":0,"_bbp_forum_subforum_count":0,"footnotes":""},"categories":[35],"tags":[],"class_list":{"0":"post-449820","1":"post","2":"type-post","3":"status-publish","4":"format-standard","5":"has-post-thumbnail","7":"category-economia"},"_links":{"self":[{"href":"https:\/\/primermomento.com\/index.php?rest_route=\/wp\/v2\/posts\/449820","targetHints":{"allow":["GET"]}}],"collection":[{"href":"https:\/\/primermomento.com\/index.php?rest_route=\/wp\/v2\/posts"}],"about":[{"href":"https:\/\/primermomento.com\/index.php?rest_route=\/wp\/v2\/types\/post"}],"author":[{"embeddable":true,"href":"https:\/\/primermomento.com\/index.php?rest_route=\/wp\/v2\/users\/1"}],"replies":[{"embeddable":true,"href":"https:\/\/primermomento.com\/index.php?rest_route=%2Fwp%2Fv2%2Fcomments&post=449820"}],"version-history":[{"count":1,"href":"https:\/\/primermomento.com\/index.php?rest_route=\/wp\/v2\/posts\/449820\/revisions"}],"predecessor-version":[{"id":449821,"href":"https:\/\/primermomento.com\/index.php?rest_route=\/wp\/v2\/posts\/449820\/revisions\/449821"}],"wp:featuredmedia":[{"embeddable":true,"href":"https:\/\/primermomento.com\/index.php?rest_route=\/wp\/v2\/media\/279224"}],"wp:attachment":[{"href":"https:\/\/primermomento.com\/index.php?rest_route=%2Fwp%2Fv2%2Fmedia&parent=449820"}],"wp:term":[{"taxonomy":"category","embeddable":true,"href":"https:\/\/primermomento.com\/index.php?rest_route=%2Fwp%2Fv2%2Fcategories&post=449820"},{"taxonomy":"post_tag","embeddable":true,"href":"https:\/\/primermomento.com\/index.php?rest_route=%2Fwp%2Fv2%2Ftags&post=449820"}],"curies":[{"name":"wp","href":"https:\/\/api.w.org\/{rel}","templated":true}]}}