{"id":449869,"date":"2025-08-21T14:15:33","date_gmt":"2025-08-21T18:15:33","guid":{"rendered":"https:\/\/primermomento.com\/?p=449869"},"modified":"2025-08-22T08:23:39","modified_gmt":"2025-08-22T12:23:39","slug":"subalimentacion-en-dominicana-baja-a-3-6-por-ciento-segun-fao","status":"publish","type":"post","link":"https:\/\/primermomento.com\/?p=449869","title":{"rendered":"Subalimentaci\u00f3n en Dominicana baja a 3.6 por ciento, seg\u00fan FAO"},"content":{"rendered":"<p><strong><em>Por <span style=\"color: #ff0000;\">Prensa Latina<\/span><\/em><\/strong><\/p>\n<p>SANTO DOMINGO, Rep\u00fablica Dominicana.- La subalimentaci\u00f3n en la Rep\u00fablica Dominicana descendi\u00f3 de 8.7 por ciento en 2019 a 3.6 por ciento en 2025, seg\u00fan un informe del economista jefe de la ONU para la Alimentaci\u00f3n y la Agricultura (FAO), M\u00e1ximo Torero, presentado hoy.<\/p>\n<div class=\"elementor-element elementor-element-0aea3a0 elementor-widget elementor-widget-theme-post-content\" data-id=\"0aea3a0\" data-element_type=\"widget\" data-widget_type=\"theme-post-content.default\">\n<div class=\"elementor-widget-container\">\n<p>El documento, dado a conocer en el Di\u00e1logo Regional sobre Seguridad Alimentaria e H\u00eddrica: \u201cUna Agenda Mano de la Mano\u201d, celebrado en el Centro de Convenciones de la canciller\u00eda dominicana, indica que con esa cifra el pa\u00eds se ubica por debajo del promedio regional.<\/p>\n<p>Del mismo modo, resalta que los ingresos laborales reales crecieron por encima de la inflaci\u00f3n, lo que permiti\u00f3 mantener el poder adquisitivo de los ciudadanos gracias al aumento salarial, acompa\u00f1ado de programas de protecci\u00f3n social y mejoras en la producci\u00f3n agr\u00edcola.<\/p>\n<p>En su informe, Torero indic\u00f3 que la inflaci\u00f3n alimentaria en la Rep\u00fablica Dominicana muestra una brecha menor respecto a la subida de precios general.<\/p>\n<p>Al intervenir en el evento, el presidente dominicano, Luis Abinader, afirm\u00f3 que la reducci\u00f3n del \u00edndice de subalimentaci\u00f3n al 3.6 por ciento impulsa a continuar la coordinaci\u00f3n con todas las instituciones del Gobierno.<\/p>\n<p>El dignatario mencion\u00f3 las reuniones semanales que mantiene con el Gabinete de Hambre Cero, integrado por el Ministerio de Agricultura, el Instituto Nacional de Bienestar Estudiantil, los Comedores Econ\u00f3micos y el Gabinete Social, donde se coordinan acciones para garantizar la alimentaci\u00f3n de la poblaci\u00f3n.<\/p>\n<p>Destac\u00f3, adem\u00e1s, la multiplicaci\u00f3n por cuatro de los Comedores Econ\u00f3micos, el aumento significativo en la alimentaci\u00f3n escolar y la mejora del salario real de los trabajadores.<\/p>\n<p>De su lado, el ministro de la Agricultura, Limber Cruz, resalt\u00f3 que el fortalecimiento del campo ha sido clave para reducir el hambre en la Rep\u00fablica Dominicana.<\/p>\n<p>Se refiri\u00f3, adem\u00e1s, al impulso a la productividad, el apoyo a los peque\u00f1os productores y la promoci\u00f3n de pr\u00e1cticas sostenibles.<\/p>\n<p>El referido di\u00e1logo, al que asistieron representantes de organismos internacionales como el Banco Mundial y el Banco Interamericano de Desarrollo, concluy\u00f3 con un llamado a fortalecer la cooperaci\u00f3n regional.<\/p>\n<p>Los asistentes coincidieron en la necesidad de trabajar de manera conjunta entre gobiernos, organismos multilaterales y la sociedad civil, con el objetivo de garantizar el derecho a la alimentaci\u00f3n y el acceso sostenible al agua en la regi\u00f3n.<\/p>\n<\/div>\n<\/div>\n<div class=\"elementor-element elementor-element-4f75016 elementor-widget elementor-widget-post-info\" data-id=\"4f75016\" data-element_type=\"widget\" data-widget_type=\"post-info.default\">\n<div class=\"elementor-widget-container\">\n<ul class=\"elementor-inline-items elementor-icon-list-items elementor-post-info\">\n<li class=\"elementor-icon-list-item elementor-repeater-item-17dda3e elementor-inline-item\"><em><span class=\"elementor-icon-list-text elementor-post-info__item elementor-post-info__item--type-custom\">#<a href=\"https:\/\/primermomento.com\/?p=449869\" rel=\"tag\">descenso<\/a>\u00a0#<a href=\"https:\/\/primermomento.com\/?p=449869\" rel=\"tag\">FAO<\/a><\/span><\/em><\/li>\n<\/ul>\n<\/div>\n<\/div>\n","protected":false},"excerpt":{"rendered":"<p>Por Prensa Latina SANTO DOMINGO, Rep\u00fablica Dominicana.- La subalimentaci\u00f3n en la Rep\u00fablica Dominicana descendi\u00f3 de 8.7 por ciento en 2019 a 3.6 por ciento en 2025, seg\u00fan un informe del economista jefe de la ONU para la Alimentaci\u00f3n y la Agricultura (FAO), M\u00e1ximo Torero, presentado hoy. El documento, dado a conocer en el Di\u00e1logo Regional [&hellip;]<\/p>\n","protected":false},"author":1,"featured_media":449872,"comment_status":"open","ping_status":"open","sticky":false,"template":"","format":"standard","meta":{"_bbp_topic_count":0,"_bbp_reply_count":0,"_bbp_total_topic_count":0,"_bbp_total_reply_count":0,"_bbp_voice_count":0,"_bbp_anonymous_reply_count":0,"_bbp_topic_count_hidden":0,"_bbp_reply_count_hidden":0,"_bbp_forum_subforum_count":0,"footnotes":""},"categories":[35],"tags":[],"class_list":{"0":"post-449869","1":"post","2":"type-post","3":"status-publish","4":"format-standard","5":"has-post-thumbnail","7":"category-economia"},"_links":{"self":[{"href":"https:\/\/primermomento.com\/index.php?rest_route=\/wp\/v2\/posts\/449869","targetHints":{"allow":["GET"]}}],"collection":[{"href":"https:\/\/primermomento.com\/index.php?rest_route=\/wp\/v2\/posts"}],"about":[{"href":"https:\/\/primermomento.com\/index.php?rest_route=\/wp\/v2\/types\/post"}],"author":[{"embeddable":true,"href":"https:\/\/primermomento.com\/index.php?rest_route=\/wp\/v2\/users\/1"}],"replies":[{"embeddable":true,"href":"https:\/\/primermomento.com\/index.php?rest_route=%2Fwp%2Fv2%2Fcomments&post=449869"}],"version-history":[{"count":1,"href":"https:\/\/primermomento.com\/index.php?rest_route=\/wp\/v2\/posts\/449869\/revisions"}],"predecessor-version":[{"id":449871,"href":"https:\/\/primermomento.com\/index.php?rest_route=\/wp\/v2\/posts\/449869\/revisions\/449871"}],"wp:featuredmedia":[{"embeddable":true,"href":"https:\/\/primermomento.com\/index.php?rest_route=\/wp\/v2\/media\/449872"}],"wp:attachment":[{"href":"https:\/\/primermomento.com\/index.php?rest_route=%2Fwp%2Fv2%2Fmedia&parent=449869"}],"wp:term":[{"taxonomy":"category","embeddable":true,"href":"https:\/\/primermomento.com\/index.php?rest_route=%2Fwp%2Fv2%2Fcategories&post=449869"},{"taxonomy":"post_tag","embeddable":true,"href":"https:\/\/primermomento.com\/index.php?rest_route=%2Fwp%2Fv2%2Ftags&post=449869"}],"curies":[{"name":"wp","href":"https:\/\/api.w.org\/{rel}","templated":true}]}}