{"id":449925,"date":"2025-08-22T06:02:28","date_gmt":"2025-08-22T10:02:28","guid":{"rendered":"https:\/\/primermomento.com\/?p=449925"},"modified":"2025-08-22T11:17:41","modified_gmt":"2025-08-22T15:17:41","slug":"anuncian-festival-internacional-de-danza-en-republica-dominicana","status":"publish","type":"post","link":"https:\/\/primermomento.com\/?p=449925","title":{"rendered":"Anuncian Festival Internacional de Danza en Rep\u00fablica Dominicana"},"content":{"rendered":"<p><strong><em>Por <span style=\"color: #ff0000;\">Prensa Latina<\/span><\/em><\/strong><\/p>\n<p>SANTO DOMINGO, Rep\u00fablica Dominicana.- La vig\u00e9sima edici\u00f3n del Festival Internacional de Danza Contempor\u00e1nea (Edanco 2025) tendr\u00e1 lugar en la Rep\u00fablica Dominicana del 19 de septiembre al 5 de octubre pr\u00f3ximos, con la presentaci\u00f3n de compa\u00f1\u00edas de unos 10 pa\u00edses, trascendi\u00f3 hoy.<\/p>\n<div class=\"elementor-element elementor-element-0aea3a0 elementor-widget elementor-widget-theme-post-content\" data-id=\"0aea3a0\" data-element_type=\"widget\" data-widget_type=\"theme-post-content.default\">\n<div class=\"elementor-widget-container\">\n<p>La Fundaci\u00f3n Encuentro de Danza Contempor\u00e1nea anunci\u00f3 en conferencia celebrada en esta capital una programaci\u00f3n especial para celebrar 20 a\u00f1os de trayectoria ininterrumpida.<\/p>\n<p>El festival tendr\u00e1 dos sedes principales, el Palacio de Bellas Artes y la Sala Manuel Rueda, en la Plaza Iberoamericana, y contar\u00e1 adem\u00e1s con funciones y actividades en la Casa de Teatro, Centro Cultural de Espa\u00f1a y Centro Cultural Banreservas, entre otros espacios.<\/p>\n<p>Para esta edici\u00f3n, Edanco 2025 reunir\u00e1 a 15 compa\u00f1\u00edas procedentes de Espa\u00f1a, Estados Unidos, Canad\u00e1, Colombia, Francia, M\u00e9xico, Cuba, Costa Rica y Rep\u00fablica Dominicana.<\/p>\n<p>La directora art\u00edstica del evento, Patricia Ortega, destac\u00f3 que \u201ccelebramos dos d\u00e9cadas de movimiento, construyendo puentes culturales mediante la danza.<\/p>\n<p>Manifest\u00f3 que ser\u00e1 experiencia enriquecedora, con una cartelera diversa y actividades para todos los p\u00fablicos.<\/p>\n<p>El programa incluye talleres, conferencias, conversatorios, proyecciones de videodanza, podcast y conciertos.<\/p>\n<p>Asimismo, durante el Festival la Fundaci\u00f3n Teatro Popular Danzante celebrar\u00e1 sus 45 a\u00f1os de entrega al folklore dominicano, precis\u00f3.<\/p>\n<\/div>\n<\/div>\n<div class=\"elementor-element elementor-element-4f75016 elementor-widget elementor-widget-post-info\" data-id=\"4f75016\" data-element_type=\"widget\" data-widget_type=\"post-info.default\">\n<div class=\"elementor-widget-container\">\n<ul class=\"elementor-inline-items elementor-icon-list-items elementor-post-info\">\n<li class=\"elementor-icon-list-item elementor-repeater-item-17dda3e elementor-inline-item\"><em><span class=\"elementor-icon-list-text elementor-post-info__item elementor-post-info__item--type-custom\">#<a href=\"https:\/\/primermomento.com\/?p=449925\" rel=\"tag\">cuba<\/a>\u00a0#<a href=\"https:\/\/primermomento.com\/?p=449925\" rel=\"tag\">danza<\/a><\/span><\/em><\/li>\n<\/ul>\n<\/div>\n<\/div>\n","protected":false},"excerpt":{"rendered":"<p>Por Prensa Latina SANTO DOMINGO, Rep\u00fablica Dominicana.- La vig\u00e9sima edici\u00f3n del Festival Internacional de Danza Contempor\u00e1nea (Edanco 2025) tendr\u00e1 lugar en la Rep\u00fablica Dominicana del 19 de septiembre al 5 de octubre pr\u00f3ximos, con la presentaci\u00f3n de compa\u00f1\u00edas de unos 10 pa\u00edses, trascendi\u00f3 hoy. La Fundaci\u00f3n Encuentro de Danza Contempor\u00e1nea anunci\u00f3 en conferencia celebrada en [&hellip;]<\/p>\n","protected":false},"author":1,"featured_media":449926,"comment_status":"open","ping_status":"open","sticky":false,"template":"","format":"standard","meta":{"_bbp_topic_count":0,"_bbp_reply_count":0,"_bbp_total_topic_count":0,"_bbp_total_reply_count":0,"_bbp_voice_count":0,"_bbp_anonymous_reply_count":0,"_bbp_topic_count_hidden":0,"_bbp_reply_count_hidden":0,"_bbp_forum_subforum_count":0,"footnotes":""},"categories":[39],"tags":[],"class_list":{"0":"post-449925","1":"post","2":"type-post","3":"status-publish","4":"format-standard","5":"has-post-thumbnail","7":"category-entretenimiento"},"_links":{"self":[{"href":"https:\/\/primermomento.com\/index.php?rest_route=\/wp\/v2\/posts\/449925","targetHints":{"allow":["GET"]}}],"collection":[{"href":"https:\/\/primermomento.com\/index.php?rest_route=\/wp\/v2\/posts"}],"about":[{"href":"https:\/\/primermomento.com\/index.php?rest_route=\/wp\/v2\/types\/post"}],"author":[{"embeddable":true,"href":"https:\/\/primermomento.com\/index.php?rest_route=\/wp\/v2\/users\/1"}],"replies":[{"embeddable":true,"href":"https:\/\/primermomento.com\/index.php?rest_route=%2Fwp%2Fv2%2Fcomments&post=449925"}],"version-history":[{"count":1,"href":"https:\/\/primermomento.com\/index.php?rest_route=\/wp\/v2\/posts\/449925\/revisions"}],"predecessor-version":[{"id":449927,"href":"https:\/\/primermomento.com\/index.php?rest_route=\/wp\/v2\/posts\/449925\/revisions\/449927"}],"wp:featuredmedia":[{"embeddable":true,"href":"https:\/\/primermomento.com\/index.php?rest_route=\/wp\/v2\/media\/449926"}],"wp:attachment":[{"href":"https:\/\/primermomento.com\/index.php?rest_route=%2Fwp%2Fv2%2Fmedia&parent=449925"}],"wp:term":[{"taxonomy":"category","embeddable":true,"href":"https:\/\/primermomento.com\/index.php?rest_route=%2Fwp%2Fv2%2Fcategories&post=449925"},{"taxonomy":"post_tag","embeddable":true,"href":"https:\/\/primermomento.com\/index.php?rest_route=%2Fwp%2Fv2%2Ftags&post=449925"}],"curies":[{"name":"wp","href":"https:\/\/api.w.org\/{rel}","templated":true}]}}