{"id":449942,"date":"2025-08-22T08:30:13","date_gmt":"2025-08-22T12:30:13","guid":{"rendered":"https:\/\/primermomento.com\/?p=449942"},"modified":"2025-08-22T13:18:24","modified_gmt":"2025-08-22T17:18:24","slug":"reserva-federal-en-eeuu-insinua-cambios-pero-con-cautela","status":"publish","type":"post","link":"https:\/\/primermomento.com\/?p=449942","title":{"rendered":"Reserva Federal en EEUU insin\u00faa cambios, pero con cautela"},"content":{"rendered":"<p><em><strong>Por <span style=\"color: #ff0000;\">Prensa Latina<\/span><\/strong><\/em><\/p>\n<p>Washington, EEUU.- Aunque sin dar detalles de en qu\u00e9 momento ser\u00eda, el presidente de la Reserva Federal (Fed), Jerome Powell, insinu\u00f3 hoy que podr\u00eda reducir ligeramente las tasas de inter\u00e9s en Estados Unidos, pero proceder\u00e1n con mesura.<\/p>\n<div class=\"elementor-element elementor-element-0aea3a0 elementor-widget elementor-widget-theme-post-content\" data-id=\"0aea3a0\" data-element_type=\"widget\" data-widget_type=\"theme-post-content.default\">\n<div class=\"elementor-widget-container\">\n<p>El jefe la Fed (o banco central) contin\u00faa evaluando el impacto de los aranceles impuestos por el presidente Donald Trump y otras pol\u00edticas en la econom\u00eda.<\/p>\n<p>\u201cLa estabilidad de la tasa de desempleo y otros indicadores del mercado laboral nos permite proceder con cautela al considerar cambios en nuestra postura pol\u00edtica\u201d, dijo Powell en un esperado discurso este viernes en el simposio econ\u00f3mico anual de la Fed en Jackson Hole, Wyoming.<\/p>\n<p>\u201cSin embargo, con la pol\u00edtica monetaria en territorio restrictivo, la perspectiva base y el cambiante balance de riesgos podr\u00edan justificar un ajuste de nuestra postura pol\u00edtica\u201d, a\u00f1adi\u00f3.<\/p>\n<p>Ante cerca de un centenar de acad\u00e9micos, economistas y funcionarios de bancos centrales de todo el mundo, el mensaje fue claro: seguir\u00e1 a pie juntillas los datos de empleo e inflaci\u00f3n para determinar si recorta las tasas, en la pr\u00f3xima reuni\u00f3n de la Fed, prevista para los d\u00edas del 16 y 17 de septiembre.<\/p>\n<p>Reiter\u00f3 que contin\u00faan latentes los riesgos tanto de un aumento del desempleo como de una inflaci\u00f3n persistentemente m\u00e1s alta, y sugiri\u00f3 que el mercado laboral no se est\u00e1 debilitando de una manera que lleve a la Fed a reducir los costos de financiamiento, lo cual puede impulsar el crecimiento y la contrataci\u00f3n.<\/p>\n<p>\u201cLos efectos de los aranceles sobre los precios al consumidor son ahora claramente visibles. Prevemos que estos efectos se acumulen en los pr\u00f3ximos meses, con una alta incertidumbre sobre el momento y la magnitud\u201d, acot\u00f3 el m\u00e1ximo directivo del banco central.<\/p>\n<p>Los comentarios de Powell podr\u00edan frustrar el comportamiento de los mercados financieros en lo inmediato, pues esperaban se\u00f1ales m\u00e1s claras sobre el pr\u00f3ximo paso de la Fed.<\/p>\n<p>Tambi\u00e9n podr\u00eda molestarse de nuevo el presidente Trump, quien ha criticado duramente a Powell por no bajar las tasas antes e incluso lleg\u00f3 a presionar por su renuncia.<\/p>\n<p>El mandatario republicano mantiene una fuerte presi\u00f3n sobre la Fed. Esta semana pidi\u00f3 la renuncia de una gobernadora, Lisa Cook, tras se\u00f1alamientos de un funcionario federal de que, presuntamente, cometi\u00f3 fraude hipotecario. Cook dijo en un comunicado que no se dejar\u00eda \u201cintimidar\u201d y agreg\u00f3 que ya se preparaba para responder a las acusaciones.<\/p>\n<p>Este discurso de Powell, fue su \u00faltima intervenci\u00f3n en Jackson Hole como presidente de la Fed antes de que termine su mandato en mayo.<\/p>\n<\/div>\n<\/div>\n<div class=\"elementor-element elementor-element-4f75016 elementor-widget elementor-widget-post-info\" data-id=\"4f75016\" data-element_type=\"widget\" data-widget_type=\"post-info.default\">\n<div class=\"elementor-widget-container\">\n<ul class=\"elementor-inline-items elementor-icon-list-items elementor-post-info\">\n<li class=\"elementor-icon-list-item elementor-repeater-item-17dda3e elementor-inline-item\"><span class=\"elementor-icon-list-text elementor-post-info__item elementor-post-info__item--type-custom\">#<em><a href=\"https:\/\/primermomento.com\/?p=449942\" rel=\"tag\">Fed<\/a><\/em><\/span><\/li>\n<\/ul>\n<\/div>\n<\/div>\n","protected":false},"excerpt":{"rendered":"<p>Por Prensa Latina Washington, EEUU.- Aunque sin dar detalles de en qu\u00e9 momento ser\u00eda, el presidente de la Reserva Federal (Fed), Jerome Powell, insinu\u00f3 hoy que podr\u00eda reducir ligeramente las tasas de inter\u00e9s en Estados Unidos, pero proceder\u00e1n con mesura. El jefe la Fed (o banco central) contin\u00faa evaluando el impacto de los aranceles impuestos [&hellip;]<\/p>\n","protected":false},"author":1,"featured_media":425059,"comment_status":"open","ping_status":"open","sticky":false,"template":"","format":"standard","meta":{"_bbp_topic_count":0,"_bbp_reply_count":0,"_bbp_total_topic_count":0,"_bbp_total_reply_count":0,"_bbp_voice_count":0,"_bbp_anonymous_reply_count":0,"_bbp_topic_count_hidden":0,"_bbp_reply_count_hidden":0,"_bbp_forum_subforum_count":0,"footnotes":""},"categories":[35],"tags":[],"class_list":{"0":"post-449942","1":"post","2":"type-post","3":"status-publish","4":"format-standard","5":"has-post-thumbnail","7":"category-economia"},"_links":{"self":[{"href":"https:\/\/primermomento.com\/index.php?rest_route=\/wp\/v2\/posts\/449942","targetHints":{"allow":["GET"]}}],"collection":[{"href":"https:\/\/primermomento.com\/index.php?rest_route=\/wp\/v2\/posts"}],"about":[{"href":"https:\/\/primermomento.com\/index.php?rest_route=\/wp\/v2\/types\/post"}],"author":[{"embeddable":true,"href":"https:\/\/primermomento.com\/index.php?rest_route=\/wp\/v2\/users\/1"}],"replies":[{"embeddable":true,"href":"https:\/\/primermomento.com\/index.php?rest_route=%2Fwp%2Fv2%2Fcomments&post=449942"}],"version-history":[{"count":1,"href":"https:\/\/primermomento.com\/index.php?rest_route=\/wp\/v2\/posts\/449942\/revisions"}],"predecessor-version":[{"id":449943,"href":"https:\/\/primermomento.com\/index.php?rest_route=\/wp\/v2\/posts\/449942\/revisions\/449943"}],"wp:featuredmedia":[{"embeddable":true,"href":"https:\/\/primermomento.com\/index.php?rest_route=\/wp\/v2\/media\/425059"}],"wp:attachment":[{"href":"https:\/\/primermomento.com\/index.php?rest_route=%2Fwp%2Fv2%2Fmedia&parent=449942"}],"wp:term":[{"taxonomy":"category","embeddable":true,"href":"https:\/\/primermomento.com\/index.php?rest_route=%2Fwp%2Fv2%2Fcategories&post=449942"},{"taxonomy":"post_tag","embeddable":true,"href":"https:\/\/primermomento.com\/index.php?rest_route=%2Fwp%2Fv2%2Ftags&post=449942"}],"curies":[{"name":"wp","href":"https:\/\/api.w.org\/{rel}","templated":true}]}}