{"id":450032,"date":"2025-08-24T11:51:14","date_gmt":"2025-08-24T15:51:14","guid":{"rendered":"https:\/\/primermomento.com\/?p=450032"},"modified":"2025-08-24T14:01:11","modified_gmt":"2025-08-24T18:01:11","slug":"panama-amplia-relaciones-comerciales-con-republica-dominicana","status":"publish","type":"post","link":"https:\/\/primermomento.com\/?p=450032","title":{"rendered":"Panam\u00e1 ampl\u00eda relaciones comerciales con Rep\u00fablica Dominicana"},"content":{"rendered":"<div class=\"elementor-element elementor-element-0aea3a0 elementor-widget elementor-widget-theme-post-content\" data-id=\"0aea3a0\" data-element_type=\"widget\" data-widget_type=\"theme-post-content.default\">\n<div class=\"elementor-widget-container\">\n<p><em><strong>Por <span style=\"color: #ff0000;\">Prensa Latina<\/span><\/strong><\/em><\/p>\n<p>Ciudad de Panam\u00e1, PANAM\u00c1.- Una misi\u00f3n comercial de Panam\u00e1 en Rep\u00fablica Dominicana proyect\u00f3 ventas por 13, 2 millones de d\u00f3lares, trascendi\u00f3 hoy.<\/p>\n<p>De acuerdo con un comunicado del Ministerio de Comercio e Industrias (MICI), ese fue el resultado de dos d\u00edas de ruedas de negocios celebradas en Santo Domingo, encabezadas por el titular de la cartera, Julio Molt\u00f3.<\/p>\n<p>En la cita participaron m\u00e1s de 40 empresas exportadoras paname\u00f1as y decenas de compradores de la naci\u00f3n caribe\u00f1a y ha sido catalogada como el mayor esfuerzo de promoci\u00f3n comercial hacia Rep\u00fablica Dominicana en al menos una d\u00e9cada.<\/p>\n<p>Durante este intercambio identificaron adem\u00e1s oportunidades concretas en sectores clave como alimentos y bebidas, construcci\u00f3n, manufactura, log\u00edstica, empaques, franquicias, lubricantes marinos y alimentos para mascotas.<\/p>\n<p>Actualmente, unas 15 empresas paname\u00f1as exportan regularmente a Rep\u00fablica Dominicana, pero esta misi\u00f3n permiti\u00f3 fortalecer relaciones existentes y abrir nuevas oportunidades para negocios sostenibles de largo plazo.<\/p>\n<p>Como parte del programa, los visitantes recorrieron supermercados, ferreter\u00edas y puntos de venta, para recopilar informaci\u00f3n de mercado y conocer de cerca las preferencias de los consumidores locales.<\/p>\n<p>En el marco de la visita, Molt\u00f3 sostuvo una reuni\u00f3n bilateral con el canciller dominicano Roberto \u00c1lvarez, en calidad de copresidente de la Comisi\u00f3n Mixta del Acuerdo Comercial entre ambas naciones.<\/p>\n<p>Las partes reafirmaron los compromisos de cooperaci\u00f3n econ\u00f3mica bilateral y se exploraron nuevas oportunidades de integraci\u00f3n en \u00e1reas como zonas francas, log\u00edstica, manufactura y distribuci\u00f3n.<\/p>\n<p>Esta gira comercial forma parte de la estrategia de posicionamiento regional impulsada por Panam\u00e1 en el Caribe, que incluye visitas recientes a Jamaica, Aruba, Curazao y Puerto Rico, enfocadas en aprovechar un mercado natural de m\u00e1s de 35 millones de habitantes.<\/p>\n<\/div>\n<\/div>\n<div class=\"elementor-element elementor-element-4f75016 elementor-widget elementor-widget-post-info\" data-id=\"4f75016\" data-element_type=\"widget\" data-widget_type=\"post-info.default\">\n<div class=\"elementor-widget-container\">\n<ul class=\"elementor-inline-items elementor-icon-list-items elementor-post-info\">\n<li class=\"elementor-icon-list-item elementor-repeater-item-17dda3e elementor-inline-item\"><em><span class=\"elementor-icon-list-text elementor-post-info__item elementor-post-info__item--type-custom\">#<a href=\"https:\/\/primermomento.com\/?p=450032\" rel=\"tag\">dominicana<\/a>\u00a0#<a href=\"https:\/\/primermomento.com\/?p=450032\" rel=\"tag\">negocios<\/a>\u00a0#<a href=\"https:\/\/primermomento.com\/?p=450032\" rel=\"tag\">Panam\u00e1<\/a><\/span><\/em><\/li>\n<\/ul>\n<\/div>\n<\/div>\n","protected":false},"excerpt":{"rendered":"<p>Por Prensa Latina Ciudad de Panam\u00e1, PANAM\u00c1.- Una misi\u00f3n comercial de Panam\u00e1 en Rep\u00fablica Dominicana proyect\u00f3 ventas por 13, 2 millones de d\u00f3lares, trascendi\u00f3 hoy. De acuerdo con un comunicado del Ministerio de Comercio e Industrias (MICI), ese fue el resultado de dos d\u00edas de ruedas de negocios celebradas en Santo Domingo, encabezadas por el [&hellip;]<\/p>\n","protected":false},"author":1,"featured_media":450033,"comment_status":"open","ping_status":"open","sticky":false,"template":"","format":"standard","meta":{"_bbp_topic_count":0,"_bbp_reply_count":0,"_bbp_total_topic_count":0,"_bbp_total_reply_count":0,"_bbp_voice_count":0,"_bbp_anonymous_reply_count":0,"_bbp_topic_count_hidden":0,"_bbp_reply_count_hidden":0,"_bbp_forum_subforum_count":0,"footnotes":""},"categories":[35],"tags":[],"class_list":{"0":"post-450032","1":"post","2":"type-post","3":"status-publish","4":"format-standard","5":"has-post-thumbnail","7":"category-economia"},"_links":{"self":[{"href":"https:\/\/primermomento.com\/index.php?rest_route=\/wp\/v2\/posts\/450032","targetHints":{"allow":["GET"]}}],"collection":[{"href":"https:\/\/primermomento.com\/index.php?rest_route=\/wp\/v2\/posts"}],"about":[{"href":"https:\/\/primermomento.com\/index.php?rest_route=\/wp\/v2\/types\/post"}],"author":[{"embeddable":true,"href":"https:\/\/primermomento.com\/index.php?rest_route=\/wp\/v2\/users\/1"}],"replies":[{"embeddable":true,"href":"https:\/\/primermomento.com\/index.php?rest_route=%2Fwp%2Fv2%2Fcomments&post=450032"}],"version-history":[{"count":1,"href":"https:\/\/primermomento.com\/index.php?rest_route=\/wp\/v2\/posts\/450032\/revisions"}],"predecessor-version":[{"id":450034,"href":"https:\/\/primermomento.com\/index.php?rest_route=\/wp\/v2\/posts\/450032\/revisions\/450034"}],"wp:featuredmedia":[{"embeddable":true,"href":"https:\/\/primermomento.com\/index.php?rest_route=\/wp\/v2\/media\/450033"}],"wp:attachment":[{"href":"https:\/\/primermomento.com\/index.php?rest_route=%2Fwp%2Fv2%2Fmedia&parent=450032"}],"wp:term":[{"taxonomy":"category","embeddable":true,"href":"https:\/\/primermomento.com\/index.php?rest_route=%2Fwp%2Fv2%2Fcategories&post=450032"},{"taxonomy":"post_tag","embeddable":true,"href":"https:\/\/primermomento.com\/index.php?rest_route=%2Fwp%2Fv2%2Ftags&post=450032"}],"curies":[{"name":"wp","href":"https:\/\/api.w.org\/{rel}","templated":true}]}}