{"id":450134,"date":"2025-08-25T11:32:21","date_gmt":"2025-08-25T15:32:21","guid":{"rendered":"https:\/\/primermomento.com\/?p=450134"},"modified":"2025-09-06T19:00:07","modified_gmt":"2025-09-06T23:00:07","slug":"publican-orientaciones-para-proteger-del-calor-en-el-lugar-de-trabajo","status":"publish","type":"post","link":"https:\/\/primermomento.com\/?p=450134","title":{"rendered":"Publican orientaciones para proteger del calor en el lugar de trabajo"},"content":{"rendered":"<p><em><strong>Por <span style=\"color: #ff0000;\">Prensa Latina<\/span><\/strong><\/em><\/p>\n<p>Ginebra, SUIZA.- La OMS y la OMM publicaron un informe y orientaciones encaminados a enfrentar los desaf\u00edos que supone el calor extremo en la salud de los trabajadores, particularmente de la agricultura, construcci\u00f3n y pesca.<\/p>\n<div class=\"elementor-element elementor-element-0aea3a0 elementor-widget elementor-widget-theme-post-content\" data-id=\"0aea3a0\" data-element_type=\"widget\" data-widget_type=\"theme-post-content.default\">\n<div class=\"elementor-widget-container\">\n<p>Las olas de calor cada vez m\u00e1s frecuentes e intensas tambi\u00e9n est\u00e1n provocando problemas de salud en poblaciones vulnerables de los pa\u00edses en desarrollo, como los ni\u00f1os, los adultos de edad avanzada y las poblaciones de ingreso bajo.<\/p>\n<p>Estas nuevas orientaciones ofrecen soluciones pr\u00e1cticas y basadas en la evidencia para proteger vidas, reducir la desigualdad y construir una fuerza de trabajo m\u00e1s resiliente en un mundo en el que la temperatura va en aumento, afirm\u00f3 Jeremy Farrar, subdirector General de la Organizaci\u00f3n Mundial de la Salud (OMS) para la Promoci\u00f3n de la Salud, la Prevenci\u00f3n de Enfermedades y los Cuidados.<\/p>\n<p>El estudio se basa en cinco decenios de investigaci\u00f3n y evidencia, e insiste en que el aumento de las temperaturas afecta gravemente la salud y la productividad de los trabajadores.<\/p>\n<p>Seg\u00fan la Organizaci\u00f3n Meteorol\u00f3gica Mundial (OMM), 2024 fue el a\u00f1o m\u00e1s caluroso del que existen registros.<\/p>\n<p>Los expertos alertan que cada vez es m\u00e1s frecuente que las temperaturas superen durante el d\u00eda los 40 \u00b0C e incluso los 50 \u00b0C, un claro indicio de que es necesario actuar ya para hacer frente a los efectos cada vez m\u00e1s graves que tiene la sobrecarga cal\u00f3rica en trabajadores de todo el mundo.<\/p>\n<p>Para la secretaria general adjunta de la OMM, Ko Barrett, la sobrecarga cal\u00f3rica ocupacional se ha convertido en un desaf\u00edo social en todo el mundo, y ya no afecta \u00fanicamente a los pa\u00edses que se encuentran cerca del ecuador, como lo demuestra la reciente ola de calor en Europa.<\/p>\n<p>\u201cProteger a los trabajadores del calor extremo no es solo un imperativo de salud, sino una necesidad econ\u00f3mica\u201d, enfatiz\u00f3 la especialista.<\/p>\n<\/div>\n<\/div>\n<div class=\"elementor-element elementor-element-4f75016 elementor-widget elementor-widget-post-info\" data-id=\"4f75016\" data-element_type=\"widget\" data-widget_type=\"post-info.default\">\n<div class=\"elementor-widget-container\">\n<ul class=\"elementor-inline-items elementor-icon-list-items elementor-post-info\">\n<li class=\"elementor-icon-list-item elementor-repeater-item-17dda3e elementor-inline-item\"><em><span class=\"elementor-icon-list-text elementor-post-info__item elementor-post-info__item--type-custom\">#<a href=\"https:\/\/primermomento.com\/?p=450134\" rel=\"tag\">calor<\/a>\u00a0#<a href=\"https:\/\/primermomento.com\/?p=450134\" rel=\"tag\">OMM<\/a>\u00a0#<a href=\"https:\/\/primermomento.com\/?p=450134\" rel=\"tag\">OMS<\/a>\u00a0#<a href=\"https:\/\/primermomento.com\/?p=450134\" rel=\"tag\">orientaciones<\/a>\u00a0#<a href=\"https:\/\/primermomento.com\/?p=450134\" rel=\"tag\">salud<\/a>\u00a0#<a href=\"https:\/\/primermomento.com\/?p=450134\" rel=\"tag\">trabajadores<\/a><\/span><\/em><\/li>\n<\/ul>\n<\/div>\n<\/div>\n","protected":false},"excerpt":{"rendered":"<p>Por Prensa Latina Ginebra, SUIZA.- La OMS y la OMM publicaron un informe y orientaciones encaminados a enfrentar los desaf\u00edos que supone el calor extremo en la salud de los trabajadores, particularmente de la agricultura, construcci\u00f3n y pesca. Las olas de calor cada vez m\u00e1s frecuentes e intensas tambi\u00e9n est\u00e1n provocando problemas de salud en [&hellip;]<\/p>\n","protected":false},"author":1,"featured_media":296837,"comment_status":"open","ping_status":"open","sticky":false,"template":"","format":"standard","meta":{"_bbp_topic_count":0,"_bbp_reply_count":0,"_bbp_total_topic_count":0,"_bbp_total_reply_count":0,"_bbp_voice_count":0,"_bbp_anonymous_reply_count":0,"_bbp_topic_count_hidden":0,"_bbp_reply_count_hidden":0,"_bbp_forum_subforum_count":0,"footnotes":""},"categories":[37,109],"tags":[],"class_list":{"0":"post-450134","1":"post","2":"type-post","3":"status-publish","4":"format-standard","5":"has-post-thumbnail","7":"category-ciencia-tecnologia","8":"category-eleccion"},"_links":{"self":[{"href":"https:\/\/primermomento.com\/index.php?rest_route=\/wp\/v2\/posts\/450134","targetHints":{"allow":["GET"]}}],"collection":[{"href":"https:\/\/primermomento.com\/index.php?rest_route=\/wp\/v2\/posts"}],"about":[{"href":"https:\/\/primermomento.com\/index.php?rest_route=\/wp\/v2\/types\/post"}],"author":[{"embeddable":true,"href":"https:\/\/primermomento.com\/index.php?rest_route=\/wp\/v2\/users\/1"}],"replies":[{"embeddable":true,"href":"https:\/\/primermomento.com\/index.php?rest_route=%2Fwp%2Fv2%2Fcomments&post=450134"}],"version-history":[{"count":1,"href":"https:\/\/primermomento.com\/index.php?rest_route=\/wp\/v2\/posts\/450134\/revisions"}],"predecessor-version":[{"id":450135,"href":"https:\/\/primermomento.com\/index.php?rest_route=\/wp\/v2\/posts\/450134\/revisions\/450135"}],"wp:featuredmedia":[{"embeddable":true,"href":"https:\/\/primermomento.com\/index.php?rest_route=\/wp\/v2\/media\/296837"}],"wp:attachment":[{"href":"https:\/\/primermomento.com\/index.php?rest_route=%2Fwp%2Fv2%2Fmedia&parent=450134"}],"wp:term":[{"taxonomy":"category","embeddable":true,"href":"https:\/\/primermomento.com\/index.php?rest_route=%2Fwp%2Fv2%2Fcategories&post=450134"},{"taxonomy":"post_tag","embeddable":true,"href":"https:\/\/primermomento.com\/index.php?rest_route=%2Fwp%2Fv2%2Ftags&post=450134"}],"curies":[{"name":"wp","href":"https:\/\/api.w.org\/{rel}","templated":true}]}}