{"id":450179,"date":"2025-08-26T08:28:03","date_gmt":"2025-08-26T12:28:03","guid":{"rendered":"https:\/\/primermomento.com\/?p=450179"},"modified":"2025-08-26T11:23:37","modified_gmt":"2025-08-26T15:23:37","slug":"trump-despide-a-gobernadora-de-reserva-federal-lisa-cook","status":"publish","type":"post","link":"https:\/\/primermomento.com\/?p=450179","title":{"rendered":"Trump despide a gobernadora de Reserva Federal Lisa Cook"},"content":{"rendered":"<p><strong><em>Por <span style=\"color: #ff0000;\">Prensa Latina<\/span><\/em><\/strong><\/p>\n<p>Washington, EEUU.- En una carta que public\u00f3 en redes sociales, el presidente de Estados Unidos, Donald Trump, despidi\u00f3, en una medida sin precedentes, a la gobernadora de la Reserva Federal (Fed), Lisa Cook.<\/p>\n<div class=\"elementor-element elementor-element-0aea3a0 elementor-widget elementor-widget-theme-post-content\" data-id=\"0aea3a0\" data-element_type=\"widget\" data-widget_type=\"theme-post-content.default\">\n<div class=\"elementor-widget-container\">\n<p>De esta forma, Trump escal\u00f3 un paso m\u00e1s en sus ataques a esta instituci\u00f3n que tiene bajo la lupa sobre todo desde que comenz\u00f3 a exigir la renuncia de su presidente Jerome Powell.<\/p>\n<p>Trump subray\u00f3 en la misiva publicada en su red Truth Social que despide a Cook debido a las acusaciones de fraude hipotecario.<\/p>\n<p>Bill Pulte, designado por Trump para la agencia que regula a los gigantes hipotecarios Fannie Mae y Freddie Mac, hizo las acusaciones, que el Departamento de Justicia planea investigar.<\/p>\n<p>De momento no est\u00e1 claro si Trump puede tomar esta decisi\u00f3n. La ley se\u00f1ala que un presidente solo puede destituir a miembros de la junta directiva de la Fed \u00abcon causa justificada\u00bb.<\/p>\n<p>La semana pasada, Cook expres\u00f3 en un comunicado que no se dejar\u00eda presionar para que dejara el puesto. \u201cNo tengo intenci\u00f3n de que me presionen para que renuncie a mi cargo debido a algunas preguntas planteadas en un tuit\u201d, dijo.<\/p>\n<p>Tengo la intenci\u00f3n de tomar en serio cualquier pregunta sobre mi historial financiero como miembro de la Reserva Federal -subray\u00f3-, por lo que estoy recopilando la informaci\u00f3n precisa para responder a cualquier pregunta leg\u00edtima y proporcionar los hechos.<\/p>\n<p>El viernes, Powell insinu\u00f3 que podr\u00eda reducir ligeramente las tasas de inter\u00e9s en Estados Unidos, pero proceder\u00e1n con mesura.<\/p>\n<p>El jefe la Fed (banco central) contin\u00faa evaluando el impacto de los aranceles impuestos por el presidente Donald Trump y otras pol\u00edticas en la econom\u00eda.<\/p>\n<p>\u201cLa estabilidad de la tasa de desempleo y otros indicadores del mercado laboral nos permite proceder con cautela al considerar cambios en nuestra postura pol\u00edtica\u201d, dijo Powell en un esperado discurso el d\u00eda 22 de agosto en el simposio econ\u00f3mico anual de la Fed en Jackson Hole, en el estado de Wyoming.<\/p>\n<p>Ante cerca de un centenar de acad\u00e9micos, economistas y funcionarios de bancos centrales de todo el mundo, el mensaje fue claro: seguir\u00e1 a pie juntillas los datos de empleo e inflaci\u00f3n para determinar si recorta las tasas en la pr\u00f3xima reuni\u00f3n de la Fed, prevista para los d\u00edas del 16 y 17 de septiembre.<\/p>\n<p>\u201cLos efectos de los aranceles sobre los precios al consumidor son ahora claramente visibles. Prevemos que estos efectos se acumulen en los pr\u00f3ximos meses, con una alta incertidumbre sobre el momento y la magnitud\u201d, acot\u00f3 el m\u00e1ximo directivo del banco central.<\/p>\n<p>Los comentarios de Powell podr\u00edan frustrar el comportamiento de los mercados financieros en lo inmediato, pues esperaban se\u00f1ales m\u00e1s claras sobre el pr\u00f3ximo paso de la Fed.<\/p>\n<\/div>\n<\/div>\n<div class=\"elementor-element elementor-element-4f75016 elementor-widget elementor-widget-post-info\" data-id=\"4f75016\" data-element_type=\"widget\" data-widget_type=\"post-info.default\">\n<div class=\"elementor-widget-container\">\n<ul class=\"elementor-inline-items elementor-icon-list-items elementor-post-info\">\n<li class=\"elementor-icon-list-item elementor-repeater-item-17dda3e elementor-inline-item\"><em><span class=\"elementor-icon-list-text elementor-post-info__item elementor-post-info__item--type-custom\">#<a href=\"https:\/\/primermomento.com\/?p=450179\" rel=\"tag\">Fed<\/a>\u00a0#<a href=\"https:\/\/primermomento.com\/?p=450179\" rel=\"tag\">Lisa Cook<\/a><\/span><\/em><\/li>\n<\/ul>\n<\/div>\n<\/div>\n","protected":false},"excerpt":{"rendered":"<p>Por Prensa Latina Washington, EEUU.- En una carta que public\u00f3 en redes sociales, el presidente de Estados Unidos, Donald Trump, despidi\u00f3, en una medida sin precedentes, a la gobernadora de la Reserva Federal (Fed), Lisa Cook. De esta forma, Trump escal\u00f3 un paso m\u00e1s en sus ataques a esta instituci\u00f3n que tiene bajo la lupa [&hellip;]<\/p>\n","protected":false},"author":1,"featured_media":450180,"comment_status":"open","ping_status":"open","sticky":false,"template":"","format":"standard","meta":{"_bbp_topic_count":0,"_bbp_reply_count":0,"_bbp_total_topic_count":0,"_bbp_total_reply_count":0,"_bbp_voice_count":0,"_bbp_anonymous_reply_count":0,"_bbp_topic_count_hidden":0,"_bbp_reply_count_hidden":0,"_bbp_forum_subforum_count":0,"footnotes":""},"categories":[35],"tags":[],"class_list":{"0":"post-450179","1":"post","2":"type-post","3":"status-publish","4":"format-standard","5":"has-post-thumbnail","7":"category-economia"},"_links":{"self":[{"href":"https:\/\/primermomento.com\/index.php?rest_route=\/wp\/v2\/posts\/450179","targetHints":{"allow":["GET"]}}],"collection":[{"href":"https:\/\/primermomento.com\/index.php?rest_route=\/wp\/v2\/posts"}],"about":[{"href":"https:\/\/primermomento.com\/index.php?rest_route=\/wp\/v2\/types\/post"}],"author":[{"embeddable":true,"href":"https:\/\/primermomento.com\/index.php?rest_route=\/wp\/v2\/users\/1"}],"replies":[{"embeddable":true,"href":"https:\/\/primermomento.com\/index.php?rest_route=%2Fwp%2Fv2%2Fcomments&post=450179"}],"version-history":[{"count":1,"href":"https:\/\/primermomento.com\/index.php?rest_route=\/wp\/v2\/posts\/450179\/revisions"}],"predecessor-version":[{"id":450181,"href":"https:\/\/primermomento.com\/index.php?rest_route=\/wp\/v2\/posts\/450179\/revisions\/450181"}],"wp:featuredmedia":[{"embeddable":true,"href":"https:\/\/primermomento.com\/index.php?rest_route=\/wp\/v2\/media\/450180"}],"wp:attachment":[{"href":"https:\/\/primermomento.com\/index.php?rest_route=%2Fwp%2Fv2%2Fmedia&parent=450179"}],"wp:term":[{"taxonomy":"category","embeddable":true,"href":"https:\/\/primermomento.com\/index.php?rest_route=%2Fwp%2Fv2%2Fcategories&post=450179"},{"taxonomy":"post_tag","embeddable":true,"href":"https:\/\/primermomento.com\/index.php?rest_route=%2Fwp%2Fv2%2Ftags&post=450179"}],"curies":[{"name":"wp","href":"https:\/\/api.w.org\/{rel}","templated":true}]}}