{"id":450193,"date":"2025-08-26T10:12:06","date_gmt":"2025-08-26T14:12:06","guid":{"rendered":"https:\/\/primermomento.com\/?p=450193"},"modified":"2025-08-26T11:33:52","modified_gmt":"2025-08-26T15:33:52","slug":"dolar-vuelve-a-caer-bajo-medidas-de-trump","status":"publish","type":"post","link":"https:\/\/primermomento.com\/?p=450193","title":{"rendered":"D\u00f3lar vuelve a caer bajo medidas de Trump"},"content":{"rendered":"<p><strong><em>Por <span style=\"color: #ff0000;\">Prensa Latina<\/span><\/em><\/strong><\/p>\n<p>Londres, INGLATERRA.- El d\u00f3lar volvi\u00f3 a caer hoy de acuerdo con los reportes de los operadores financieros, que se\u00f1alaron como una de las causas las medidas del presidente estadounidense, Donald Trump.<\/p>\n<div class=\"elementor-element elementor-element-0aea3a0 elementor-widget elementor-widget-theme-post-content\" data-id=\"0aea3a0\" data-element_type=\"widget\" data-widget_type=\"theme-post-content.default\">\n<div class=\"elementor-widget-container\">\n<p>Dijeron este martes que esa moneda se tambaleaba frente a las principales divisas ya que la medida sin precedentes del presidente de Estados Unidos, de pedir la salida de la gobernadora de la Reserva Federal (Fed), Lisa Cook, renov\u00f3 las preocupaciones sobre la independencia del banco central.<\/p>\n<p>El euro y la libra esterlina subieron alrededor del 0,3 por ciento frente al d\u00f3lar, a 1,1654 y 1,3491 d\u00f3lares, respectivamente. Frente al yen japon\u00e9s, el d\u00f3lar baj\u00f3 0,2 por ciento a 147,41 yenes y tambi\u00e9n ca\u00eda frente al franco suizo.<\/p>\n<p>Trump dijo que estaba destituyendo a Cook por supuestas irregularidades en la obtenci\u00f3n de pr\u00e9stamos hipotecarios, un paso que podr\u00eda poner a prueba los l\u00edmites del poder presidencial sobre la Fed.<\/p>\n<p>En respuesta, Cook dijo que Trump no tiene autoridad para despedirla del banco central y que no renunciar\u00e1.<\/p>\n<p>Los mercados monetarios est\u00e1n valorando actualmente en casi 81 por ciento la probabilidad de un recorte de tasas en la reuni\u00f3n de septiembre de la Fed.<\/p>\n<\/div>\n<\/div>\n<div class=\"elementor-element elementor-element-4f75016 elementor-widget elementor-widget-post-info\" data-id=\"4f75016\" data-element_type=\"widget\" data-widget_type=\"post-info.default\">\n<div class=\"elementor-widget-container\">\n<ul class=\"elementor-inline-items elementor-icon-list-items elementor-post-info\">\n<li class=\"elementor-icon-list-item elementor-repeater-item-17dda3e elementor-inline-item\"><span class=\"elementor-icon-list-text elementor-post-info__item elementor-post-info__item--type-custom\">#<em><a href=\"https:\/\/primermomento.com\/?p=450193\" rel=\"tag\">finanzas<\/a><\/em><\/span><\/li>\n<\/ul>\n<\/div>\n<\/div>\n","protected":false},"excerpt":{"rendered":"<p>Por Prensa Latina Londres, INGLATERRA.- El d\u00f3lar volvi\u00f3 a caer hoy de acuerdo con los reportes de los operadores financieros, que se\u00f1alaron como una de las causas las medidas del presidente estadounidense, Donald Trump. Dijeron este martes que esa moneda se tambaleaba frente a las principales divisas ya que la medida sin precedentes del presidente [&hellip;]<\/p>\n","protected":false},"author":1,"featured_media":450194,"comment_status":"open","ping_status":"open","sticky":false,"template":"","format":"standard","meta":{"_bbp_topic_count":0,"_bbp_reply_count":0,"_bbp_total_topic_count":0,"_bbp_total_reply_count":0,"_bbp_voice_count":0,"_bbp_anonymous_reply_count":0,"_bbp_topic_count_hidden":0,"_bbp_reply_count_hidden":0,"_bbp_forum_subforum_count":0,"footnotes":""},"categories":[35],"tags":[],"class_list":{"0":"post-450193","1":"post","2":"type-post","3":"status-publish","4":"format-standard","5":"has-post-thumbnail","7":"category-economia"},"_links":{"self":[{"href":"https:\/\/primermomento.com\/index.php?rest_route=\/wp\/v2\/posts\/450193","targetHints":{"allow":["GET"]}}],"collection":[{"href":"https:\/\/primermomento.com\/index.php?rest_route=\/wp\/v2\/posts"}],"about":[{"href":"https:\/\/primermomento.com\/index.php?rest_route=\/wp\/v2\/types\/post"}],"author":[{"embeddable":true,"href":"https:\/\/primermomento.com\/index.php?rest_route=\/wp\/v2\/users\/1"}],"replies":[{"embeddable":true,"href":"https:\/\/primermomento.com\/index.php?rest_route=%2Fwp%2Fv2%2Fcomments&post=450193"}],"version-history":[{"count":1,"href":"https:\/\/primermomento.com\/index.php?rest_route=\/wp\/v2\/posts\/450193\/revisions"}],"predecessor-version":[{"id":450195,"href":"https:\/\/primermomento.com\/index.php?rest_route=\/wp\/v2\/posts\/450193\/revisions\/450195"}],"wp:featuredmedia":[{"embeddable":true,"href":"https:\/\/primermomento.com\/index.php?rest_route=\/wp\/v2\/media\/450194"}],"wp:attachment":[{"href":"https:\/\/primermomento.com\/index.php?rest_route=%2Fwp%2Fv2%2Fmedia&parent=450193"}],"wp:term":[{"taxonomy":"category","embeddable":true,"href":"https:\/\/primermomento.com\/index.php?rest_route=%2Fwp%2Fv2%2Fcategories&post=450193"},{"taxonomy":"post_tag","embeddable":true,"href":"https:\/\/primermomento.com\/index.php?rest_route=%2Fwp%2Fv2%2Ftags&post=450193"}],"curies":[{"name":"wp","href":"https:\/\/api.w.org\/{rel}","templated":true}]}}