{"id":450302,"date":"2025-08-27T06:58:56","date_gmt":"2025-08-27T10:58:56","guid":{"rendered":"https:\/\/primermomento.com\/?p=450302"},"modified":"2025-08-27T13:25:56","modified_gmt":"2025-08-27T17:25:56","slug":"trabajo-informal-baja-en-dominicana-pero-representa-54-por-ciento","status":"publish","type":"post","link":"https:\/\/primermomento.com\/?p=450302","title":{"rendered":"Trabajo informal baja en Dominicana, pero representa 54 por ciento"},"content":{"rendered":"<p><strong><em>Por <span style=\"color: #ff0000;\">Prensa Latina<\/span><\/em><\/strong><\/p>\n<p>SANTO DOMINGO, Rep\u00fablica Dominicana.- Los trabajadores informales en Rep\u00fablica Dominicana representaron el 54 por ciento en el segundo trimestre de este a\u00f1o, para una reducci\u00f3n de 2.2 puntos porcentuales respecto a similar periodo de 2024, inform\u00f3 hoy el Banco Central (BC).<\/p>\n<div class=\"elementor-element elementor-element-0aea3a0 elementor-widget elementor-widget-theme-post-content\" data-id=\"0aea3a0\" data-element_type=\"widget\" data-widget_type=\"theme-post-content.default\">\n<div class=\"elementor-widget-container\">\n<p>De acuerdo con la Encuesta Nacional Continua de Fuerza de Trabajo citada por la entidad financiera, los ocupados formales aumentaron en 164 mil 598 personas, mientras que los informales bajaron en 43 mil 434 en el lapso analizado.<\/p>\n<p>Entre abril y junio \u00faltimo los activos en el mercado laboral (entre contratados y no) totalizaron cinco millones 123 mil 548, 121 mil 164 m\u00e1s en comparaci\u00f3n con 2024.<\/p>\n<p>El Banco destac\u00f3 la participaci\u00f3n de la poblaci\u00f3n joven de 15 a 39 a\u00f1os, que concentr\u00f3 el 82.5 por ciento de las nuevas plazas.<\/p>\n<p>Asimismo, se evidenci\u00f3 que 86 mil 532 de los empleos adicionales fueron desempe\u00f1ados por universitarios, equivalente al 71.4 por ciento del total generado.<\/p>\n<p>En t\u00e9rminos de g\u00e9nero, los hombres aportaron 78 mil 440 trabajadores, mientras que las mujeres sumaron 42 mil 724.<\/p>\n<p>La tasa de empleo se mantuvo en 62.8 por ciento, siendo la cifra m\u00e1s alta de este indicador, superior en 1.0 puntos porcentuales respecto a la del segundo trimestre de 2024, seg\u00fan el BC.<\/p>\n<p>En lo que respecta al comportamiento del desempleo, este disminuy\u00f3 de 5.3 por ciento en abril-junio de 2024 a 5.0 por ciento en igual trimestre de 2025.<\/p>\n<\/div>\n<\/div>\n<div class=\"elementor-element elementor-element-4f75016 elementor-widget elementor-widget-post-info\" data-id=\"4f75016\" data-element_type=\"widget\" data-widget_type=\"post-info.default\">\n<div class=\"elementor-widget-container\">\n<ul class=\"elementor-inline-items elementor-icon-list-items elementor-post-info\">\n<li class=\"elementor-icon-list-item elementor-repeater-item-17dda3e elementor-inline-item\"><span class=\"elementor-icon-list-text elementor-post-info__item elementor-post-info__item--type-custom\">#<em><a href=\"https:\/\/primermomento.com\/?p=450302\" rel=\"tag\">desempleo<\/a><\/em><\/span><\/li>\n<\/ul>\n<\/div>\n<\/div>\n","protected":false},"excerpt":{"rendered":"<p>Por Prensa Latina SANTO DOMINGO, Rep\u00fablica Dominicana.- Los trabajadores informales en Rep\u00fablica Dominicana representaron el 54 por ciento en el segundo trimestre de este a\u00f1o, para una reducci\u00f3n de 2.2 puntos porcentuales respecto a similar periodo de 2024, inform\u00f3 hoy el Banco Central (BC). De acuerdo con la Encuesta Nacional Continua de Fuerza de Trabajo [&hellip;]<\/p>\n","protected":false},"author":1,"featured_media":388753,"comment_status":"open","ping_status":"open","sticky":false,"template":"","format":"standard","meta":{"_bbp_topic_count":0,"_bbp_reply_count":0,"_bbp_total_topic_count":0,"_bbp_total_reply_count":0,"_bbp_voice_count":0,"_bbp_anonymous_reply_count":0,"_bbp_topic_count_hidden":0,"_bbp_reply_count_hidden":0,"_bbp_forum_subforum_count":0,"footnotes":""},"categories":[35],"tags":[],"class_list":{"0":"post-450302","1":"post","2":"type-post","3":"status-publish","4":"format-standard","5":"has-post-thumbnail","7":"category-economia"},"_links":{"self":[{"href":"https:\/\/primermomento.com\/index.php?rest_route=\/wp\/v2\/posts\/450302","targetHints":{"allow":["GET"]}}],"collection":[{"href":"https:\/\/primermomento.com\/index.php?rest_route=\/wp\/v2\/posts"}],"about":[{"href":"https:\/\/primermomento.com\/index.php?rest_route=\/wp\/v2\/types\/post"}],"author":[{"embeddable":true,"href":"https:\/\/primermomento.com\/index.php?rest_route=\/wp\/v2\/users\/1"}],"replies":[{"embeddable":true,"href":"https:\/\/primermomento.com\/index.php?rest_route=%2Fwp%2Fv2%2Fcomments&post=450302"}],"version-history":[{"count":1,"href":"https:\/\/primermomento.com\/index.php?rest_route=\/wp\/v2\/posts\/450302\/revisions"}],"predecessor-version":[{"id":450303,"href":"https:\/\/primermomento.com\/index.php?rest_route=\/wp\/v2\/posts\/450302\/revisions\/450303"}],"wp:featuredmedia":[{"embeddable":true,"href":"https:\/\/primermomento.com\/index.php?rest_route=\/wp\/v2\/media\/388753"}],"wp:attachment":[{"href":"https:\/\/primermomento.com\/index.php?rest_route=%2Fwp%2Fv2%2Fmedia&parent=450302"}],"wp:term":[{"taxonomy":"category","embeddable":true,"href":"https:\/\/primermomento.com\/index.php?rest_route=%2Fwp%2Fv2%2Fcategories&post=450302"},{"taxonomy":"post_tag","embeddable":true,"href":"https:\/\/primermomento.com\/index.php?rest_route=%2Fwp%2Fv2%2Ftags&post=450302"}],"curies":[{"name":"wp","href":"https:\/\/api.w.org\/{rel}","templated":true}]}}