{"id":450372,"date":"2025-08-28T15:33:19","date_gmt":"2025-08-28T19:33:19","guid":{"rendered":"https:\/\/primermomento.com\/?p=450372"},"modified":"2025-08-29T07:13:29","modified_gmt":"2025-08-29T11:13:29","slug":"gobernadora-de-la-fed-demanda-a-administracion-trump","status":"publish","type":"post","link":"https:\/\/primermomento.com\/?p=450372","title":{"rendered":"Gobernadora de la Reserva Federal demanda a administraci\u00f3n Trump"},"content":{"rendered":"<p><iframe loading=\"lazy\" title=\"Lisa Cook demanda a la administraci\u00f3n Trump por su decisi\u00f3n de despedirla de la Reserva Federal\" width=\"696\" height=\"392\" src=\"https:\/\/www.youtube.com\/embed\/DjdxKzY3Ohc?start=1&#038;feature=oembed\" frameborder=\"0\" allow=\"accelerometer; autoplay; clipboard-write; encrypted-media; gyroscope; picture-in-picture; web-share\" referrerpolicy=\"strict-origin-when-cross-origin\" allowfullscreen><\/iframe><\/p>\n<p><strong><em>Por <span style=\"color: #ff0000;\">Prensa Latina<\/span><\/em><\/strong><\/p>\n<p>Washington, EEUU.- La gobernadora de la Reserva Federal (Fed), Lisa Cook, demand\u00f3 hoy a la administraci\u00f3n de Donald Trump en un esfuerzo por revertir el intento del presidente de Estados Unidos de despedirla.<\/p>\n<div class=\"elementor-element elementor-element-0aea3a0 elementor-widget elementor-widget-theme-post-content\" data-id=\"0aea3a0\" data-element_type=\"widget\" data-widget_type=\"theme-post-content.default\">\n<div class=\"elementor-widget-container\">\n<p>El intento de despido es una acci\u00f3n sin precedentes en los 112 a\u00f1os de la instituci\u00f3n y la demanda pone en marcha una batalla legal que en este momento saca a flote los conflictos de Trump con la Fed.<\/p>\n<figure id=\"attachment_450373\" aria-describedby=\"caption-attachment-450373\" style=\"width: 300px\" class=\"wp-caption alignleft\"><img loading=\"lazy\" decoding=\"async\" class=\"size-medium wp-image-450373\" src=\"https:\/\/primermomento.com\/wp-content\/uploads\/2025\/08\/Lisa-Cook1-300x200.jpeg\" alt=\"\" width=\"300\" height=\"200\" srcset=\"https:\/\/primermomento.com\/wp-content\/uploads\/2025\/08\/Lisa-Cook1-300x200.jpeg 300w, https:\/\/primermomento.com\/wp-content\/uploads\/2025\/08\/Lisa-Cook1.jpeg 534w\" sizes=\"auto, (max-width: 300px) 100vw, 300px\" \/><figcaption id=\"caption-attachment-450373\" class=\"wp-caption-text\">Lisa Cook<\/figcaption><\/figure>\n<p>Justo la petici\u00f3n de Cook busca una orden judicial para impedir su despido y \u201cconfirmar su estatus\u201d como miembro de la junta de gobierno del banco central de Estados Unidos, dise\u00f1ado por el Congreso para mantenerse alejado de la influencia de la pol\u00edtica diaria.<\/p>\n<p>Para algunos expertos, si Cook gana, se transmitir\u00eda una imagen de estabilidad, pero si pierde ser\u00eda el fin de la independencia de la Fed.<\/p>\n<p>Ning\u00fan presidente trat\u00f3 antes despedir a un gobernador de ese organismo financiero hasta que el lunes el mandatario republicano public\u00f3 una carta en redes sociales y anunci\u00f3 su decisi\u00f3n de despedirla basado en presuntas acusaciones de fraude hipotecario en 2021 (ella fue nombrada en 2022 para la junta por el entonces presidente Joe Biden).<\/p>\n<p>\u201cLa acusaci\u00f3n no fundamentada y no probada de que la gobernadora Cook \u2018potencialmente\u2019 cometi\u00f3 un error al completar un formulario hipotecario antes de su confirmaci\u00f3n en el Senado, no equivale a \u2018causa\u2019\u201d, subray\u00f3 la demanda, presentada por el abogado de Cook, Abbe David Lowell.<\/p>\n<\/div>\n<\/div>\n<div class=\"elementor-element elementor-element-4f75016 elementor-widget elementor-widget-post-info\" data-id=\"4f75016\" data-element_type=\"widget\" data-widget_type=\"post-info.default\">\n<div class=\"elementor-widget-container\">\n<ul class=\"elementor-inline-items elementor-icon-list-items elementor-post-info\">\n<li class=\"elementor-icon-list-item elementor-repeater-item-17dda3e elementor-inline-item\"><span class=\"elementor-icon-list-text elementor-post-info__item elementor-post-info__item--type-custom\">#<em><a href=\"https:\/\/primermomento.com\/?p=450372\" rel=\"tag\">Fed<\/a><\/em><\/span><\/li>\n<\/ul>\n<\/div>\n<\/div>\n","protected":false},"excerpt":{"rendered":"<p>Por Prensa Latina Washington, EEUU.- La gobernadora de la Reserva Federal (Fed), Lisa Cook, demand\u00f3 hoy a la administraci\u00f3n de Donald Trump en un esfuerzo por revertir el intento del presidente de Estados Unidos de despedirla. El intento de despido es una acci\u00f3n sin precedentes en los 112 a\u00f1os de la instituci\u00f3n y la demanda [&hellip;]<\/p>\n","protected":false},"author":1,"featured_media":450373,"comment_status":"open","ping_status":"open","sticky":false,"template":"","format":"video","meta":{"_bbp_topic_count":0,"_bbp_reply_count":0,"_bbp_total_topic_count":0,"_bbp_total_reply_count":0,"_bbp_voice_count":0,"_bbp_anonymous_reply_count":0,"_bbp_topic_count_hidden":0,"_bbp_reply_count_hidden":0,"_bbp_forum_subforum_count":0,"footnotes":""},"categories":[35,106],"tags":[],"class_list":{"0":"post-450372","1":"post","2":"type-post","3":"status-publish","4":"format-video","5":"has-post-thumbnail","7":"category-economia","8":"category-video-news","9":"post_format-post-format-video"},"_links":{"self":[{"href":"https:\/\/primermomento.com\/index.php?rest_route=\/wp\/v2\/posts\/450372","targetHints":{"allow":["GET"]}}],"collection":[{"href":"https:\/\/primermomento.com\/index.php?rest_route=\/wp\/v2\/posts"}],"about":[{"href":"https:\/\/primermomento.com\/index.php?rest_route=\/wp\/v2\/types\/post"}],"author":[{"embeddable":true,"href":"https:\/\/primermomento.com\/index.php?rest_route=\/wp\/v2\/users\/1"}],"replies":[{"embeddable":true,"href":"https:\/\/primermomento.com\/index.php?rest_route=%2Fwp%2Fv2%2Fcomments&post=450372"}],"version-history":[{"count":3,"href":"https:\/\/primermomento.com\/index.php?rest_route=\/wp\/v2\/posts\/450372\/revisions"}],"predecessor-version":[{"id":450438,"href":"https:\/\/primermomento.com\/index.php?rest_route=\/wp\/v2\/posts\/450372\/revisions\/450438"}],"wp:featuredmedia":[{"embeddable":true,"href":"https:\/\/primermomento.com\/index.php?rest_route=\/wp\/v2\/media\/450373"}],"wp:attachment":[{"href":"https:\/\/primermomento.com\/index.php?rest_route=%2Fwp%2Fv2%2Fmedia&parent=450372"}],"wp:term":[{"taxonomy":"category","embeddable":true,"href":"https:\/\/primermomento.com\/index.php?rest_route=%2Fwp%2Fv2%2Fcategories&post=450372"},{"taxonomy":"post_tag","embeddable":true,"href":"https:\/\/primermomento.com\/index.php?rest_route=%2Fwp%2Fv2%2Ftags&post=450372"}],"curies":[{"name":"wp","href":"https:\/\/api.w.org\/{rel}","templated":true}]}}