{"id":450451,"date":"2025-08-29T11:43:25","date_gmt":"2025-08-29T15:43:25","guid":{"rendered":"https:\/\/primermomento.com\/?p=450451"},"modified":"2025-08-30T09:10:34","modified_gmt":"2025-08-30T13:10:34","slug":"frente-amplio-asegura-que-democracia-dominicana-esta-amenazada","status":"publish","type":"post","link":"https:\/\/primermomento.com\/?p=450451","title":{"rendered":"Frente Amplio asegura que democracia dominicana est\u00e1 amenazada"},"content":{"rendered":"<p><strong><em>Por <span style=\"color: #ff0000;\">Prensa Latina<\/span><\/em><\/strong><\/p>\n<p>SANTO DOMINGO, Rep\u00fablica Dominicana.- La presidenta del partido Frente Amplio (FA), Mar\u00eda Teresa Cabrera, sostuvo que la democracia en Rep\u00fablica Dominicana est\u00e1 amenazada por sectores que buscan limitar las manifestaciones p\u00fablicas y reforzar regresiones en derechos civiles y laborales, trascendi\u00f3 hoy.<\/p>\n<div class=\"elementor-element elementor-element-0aea3a0 elementor-widget elementor-widget-theme-post-content\" data-id=\"0aea3a0\" data-element_type=\"widget\" data-widget_type=\"theme-post-content.default\">\n<div class=\"elementor-widget-container\">\n<p>As\u00ed lo expres\u00f3 Cabrera en el programa A Partir de Ahora, de Acento TV, donde argument\u00f3 que el C\u00f3digo Penal dominicano reci\u00e9n aprobado representa un retroceso democr\u00e1tico al criminalizar, por ejemplo, los cuestionamientos de un funcionario.<\/p>\n<p>Al respecto, consider\u00f3 que esta medida limita la libertad de expresi\u00f3n y el derecho a estar en desacuerdo.<\/p>\n<p>Denunci\u00f3, adem\u00e1s, que los espacios p\u00fablicos est\u00e1n siendo cooptados por fuerzas conservadoras que intentan impedir manifestaciones de quienes no comparten sus ideas.<\/p>\n<p>Asimismo, alert\u00f3 sobre presiones de grupos empresariales para eliminar derechos laborales como el pago de cesant\u00eda y el reconocimiento de garant\u00edas en el teletrabajo.<\/p>\n<p>En la ocasi\u00f3n, la profesora anunci\u00f3 la celebraci\u00f3n de un simposio organizado por el FA este fin de semana (30 y 31 de agosto) con el fin de generar propuestas para enfrentar estos desaf\u00edos.<\/p>\n<p>El evento tratar\u00e1 temas como la instrumentaci\u00f3n de pol\u00edticas sociales y la competencia electoral desigual que privilegia a los partidos grandes en el pa\u00eds, detall\u00f3.<\/p>\n<p>Cabrera inst\u00f3 a la acci\u00f3n para defender la democracia dominicana ante lo que consider\u00f3 un intento sistem\u00e1tico de debilitar las instituciones y los derechos ciudadanos.<\/p>\n<p>Maria Teresa Cabrera fue candidata presidencial por el partido FA en las elecciones generales de 2024.<\/p>\n<p>La tambi\u00e9n ex presidenta de la Asociaci\u00f3n Dominicana de Profesores defiende la realizaci\u00f3n de una reforma educativa profunda, que transforme la estructura y el funcionamiento de las escuelas en su pa\u00eds.<\/p>\n<p>En entrevista con Prensa Latina poco antes de los comicios del a\u00f1o pasado, la candidata del FA<\/p>\n<p>Santo Domingo, 29 ago (Prensa Latina) La presidenta del partido Frente Amplio, Maria Teresa Cabrera, sostuvo que la democracia en Rep\u00fablica Dominicana afronta amenazas impulsadas por sectores que buscan limitar las manifestaciones p\u00fablicas y reforzar regresiones en derechos civiles y laborales.<\/p>\n<p>As\u00ed lo expres\u00f3 Cabrera en el programa A Partir de Ahora, de Acento TV, donde argument\u00f3 que el C\u00f3digo Penal dominicano reci\u00e9n aprobado representa un retroceso democr\u00e1tico al criminalizar cuestionamientos de un funcionario.<\/p>\n<p>Al respecto, consider\u00f3 que esta medida limita la libertad de expresi\u00f3n y el derecho a estar en desacuerdo.<\/p>\n<p>Denunci\u00f3 que los espacios p\u00fablicos est\u00e1n siendo cooptados por fuerzas conservadoras que intentan impedir manifestaciones de quienes no comparten sus ideas.<\/p>\n<p>Asimismo, alert\u00f3 sobre presiones de grupos empresariales para eliminar derechos laborales como el pago de cesant\u00eda y el reconocimiento de garant\u00edas en el teletrabajo.<\/p>\n<p>En la ocasi\u00f3n, la profesora anunci\u00f3 la celebraci\u00f3n de un simposio organizado por el Frente Amplio este fin de semana (30 y 31 de agosto) con el fin de generar propuestas para enfrentar estos desaf\u00edos.<\/p>\n<p>El evento tratar\u00e1 temas como la instrumentaci\u00f3n de pol\u00edticas sociales y la competencia electoral desigual que privilegia a los partidos grandes en el pa\u00eds.<\/p>\n<p>Cabrera inst\u00f3 a la acci\u00f3n para defender la democracia dominicana ante lo que consider\u00f3 un intento sistem\u00e1tico de debilitar las instituciones y los derechos ciudadanos. Maria Teresa Cabrera fue candidata presidencial por el partido Frente Amplio en las elecciones generales de 2024.<\/p>\n<p>La tambi\u00e9n ex presidenta de la Asociaci\u00f3n Dominicana de Profesores, defiende la realizaci\u00f3n de una reforma educativa profunda en la Rep\u00fablica Dominicana, que transforme la estructura y el funcionamiento de las escuelas.<\/p>\n<p>En entrevista con Prensa Latina poco antes de los comicios del a\u00f1o pasado, la candidata del FA se refiri\u00f3 a la necesidad de cambios pol\u00edticos internos para terminar con la concentraci\u00f3n de la propiedad en manos de unas cuantas familias, y la aglutinaci\u00f3n del poder en dos o tres c\u00fapulas al servicio de los grupos olig\u00e1rquicos due\u00f1os de la econom\u00eda nacional.<\/p>\n<p>Opin\u00f3 Cabrera que es vital lograr la autodeterminaci\u00f3n del pueblo para decidir las pol\u00edticas nacionales y las relaciones pol\u00edticas y econ\u00f3micas con otras naciones y sus l\u00edderes.<\/p>\n<p>En ese sentido, agreg\u00f3 que hasta el momento el rumbo de la Rep\u00fablica Dominicana est\u00e1 determinado por los intereses de una oligarqu\u00eda criolla y de Estados Unidos.<\/p>\n<p>Defendi\u00f3 f\u00f3rmulas encaminadas a desarrollar ese proceso de democratizaci\u00f3n social, econ\u00f3mica y pol\u00edtica, que tambi\u00e9n es \u201csoltar\u201d el pa\u00eds, se\u00f1al\u00f3, de la obligaci\u00f3n de las decisiones impuestas por los poderes imperialistas, principalmente el de Washington<\/p>\n<\/div>\n<\/div>\n<div class=\"elementor-element elementor-element-4f75016 elementor-widget elementor-widget-post-info\" data-id=\"4f75016\" data-element_type=\"widget\" data-widget_type=\"post-info.default\">\n<div class=\"elementor-widget-container\">\n<ul class=\"elementor-inline-items elementor-icon-list-items elementor-post-info\">\n<li class=\"elementor-icon-list-item elementor-repeater-item-17dda3e elementor-inline-item\"><em><span class=\"elementor-icon-list-text elementor-post-info__item elementor-post-info__item--type-custom\">#<a href=\"https:\/\/primermomento.com\/?p=450451\" rel=\"tag\">democracia<\/a>\u00a0#<a href=\"https:\/\/primermomento.com\/?p=450451\" rel=\"tag\">eeuu<\/a><\/span><\/em><\/li>\n<\/ul>\n<\/div>\n<\/div>\n","protected":false},"excerpt":{"rendered":"<p>Por Prensa Latina SANTO DOMINGO, Rep\u00fablica Dominicana.- La presidenta del partido Frente Amplio (FA), Mar\u00eda Teresa Cabrera, sostuvo que la democracia en Rep\u00fablica Dominicana est\u00e1 amenazada por sectores que buscan limitar las manifestaciones p\u00fablicas y reforzar regresiones en derechos civiles y laborales, trascendi\u00f3 hoy. As\u00ed lo expres\u00f3 Cabrera en el programa A Partir de Ahora, [&hellip;]<\/p>\n","protected":false},"author":1,"featured_media":412206,"comment_status":"open","ping_status":"open","sticky":false,"template":"","format":"standard","meta":{"_bbp_topic_count":0,"_bbp_reply_count":0,"_bbp_total_topic_count":0,"_bbp_total_reply_count":0,"_bbp_voice_count":0,"_bbp_anonymous_reply_count":0,"_bbp_topic_count_hidden":0,"_bbp_reply_count_hidden":0,"_bbp_forum_subforum_count":0,"footnotes":""},"categories":[31],"tags":[],"class_list":{"0":"post-450451","1":"post","2":"type-post","3":"status-publish","4":"format-standard","5":"has-post-thumbnail","7":"category-estados-unidos"},"_links":{"self":[{"href":"https:\/\/primermomento.com\/index.php?rest_route=\/wp\/v2\/posts\/450451","targetHints":{"allow":["GET"]}}],"collection":[{"href":"https:\/\/primermomento.com\/index.php?rest_route=\/wp\/v2\/posts"}],"about":[{"href":"https:\/\/primermomento.com\/index.php?rest_route=\/wp\/v2\/types\/post"}],"author":[{"embeddable":true,"href":"https:\/\/primermomento.com\/index.php?rest_route=\/wp\/v2\/users\/1"}],"replies":[{"embeddable":true,"href":"https:\/\/primermomento.com\/index.php?rest_route=%2Fwp%2Fv2%2Fcomments&post=450451"}],"version-history":[{"count":1,"href":"https:\/\/primermomento.com\/index.php?rest_route=\/wp\/v2\/posts\/450451\/revisions"}],"predecessor-version":[{"id":450452,"href":"https:\/\/primermomento.com\/index.php?rest_route=\/wp\/v2\/posts\/450451\/revisions\/450452"}],"wp:featuredmedia":[{"embeddable":true,"href":"https:\/\/primermomento.com\/index.php?rest_route=\/wp\/v2\/media\/412206"}],"wp:attachment":[{"href":"https:\/\/primermomento.com\/index.php?rest_route=%2Fwp%2Fv2%2Fmedia&parent=450451"}],"wp:term":[{"taxonomy":"category","embeddable":true,"href":"https:\/\/primermomento.com\/index.php?rest_route=%2Fwp%2Fv2%2Fcategories&post=450451"},{"taxonomy":"post_tag","embeddable":true,"href":"https:\/\/primermomento.com\/index.php?rest_route=%2Fwp%2Fv2%2Ftags&post=450451"}],"curies":[{"name":"wp","href":"https:\/\/api.w.org\/{rel}","templated":true}]}}