{"id":450465,"date":"2025-08-29T06:37:02","date_gmt":"2025-08-29T10:37:02","guid":{"rendered":"https:\/\/primermomento.com\/?p=450465"},"modified":"2025-09-06T18:58:19","modified_gmt":"2025-09-06T22:58:19","slug":"el-calor-extremo-puede-conducir-a-un-envejecimiento-prematuro","status":"publish","type":"post","link":"https:\/\/primermomento.com\/?p=450465","title":{"rendered":"El calor extremo puede conducir a un envejecimiento prematuro"},"content":{"rendered":"<p><strong><em>Por <span style=\"color: #ff0000;\">Prensa Latina<\/span><\/em><\/strong><\/p>\n<p>Washington, EEUU.- La exposici\u00f3n repetida a olas de calor no solo aumenta la mortalidad a corto plazo, tambi\u00e9n acelera el envejecimiento biol\u00f3gico, concluye un estudio de 2008 a 2022 con casi 25 mil personas, publicado hoy en Nature Climate Change.<\/p>\n<div class=\"elementor-element elementor-element-0aea3a0 elementor-widget elementor-widget-theme-post-content\" data-id=\"0aea3a0\" data-element_type=\"widget\" data-widget_type=\"theme-post-content.default\">\n<div class=\"elementor-widget-container\">\n<p>La investigaci\u00f3n advierte que sus efectos pueden acumularse y acompa\u00f1arnos toda la vida, y los m\u00e1s afectados son los trabajadores manuales y las personas que viven en zonas rurales.<\/p>\n<p>Seg\u00fan cifras oficiales, en 35 pa\u00edses europeos, murieron m\u00e1s de 61 mil personas en 2022 y cerca de 47 mil en 2023 por causas relacionadas con el calor.<\/p>\n<p>Asimismo, la mortalidad por altas temperaturas ha aumentado un 30 por ciento en dos d\u00e9cadas, seg\u00fan el informe \u00abCambio clim\u00e1tico y salud\u00bb publicado por la Organizaci\u00f3n Mundial de la Salud en mayo de este a\u00f1o.<\/p>\n<p>Hasta ahora, las investigaciones sobre sus consecuencias indicaban que el calor extremo afecta de manera negativa a la salud, sobre todo en personas mayores, pero estos estudios se hab\u00edan centrado principalmente en exposiciones a corto plazo.<\/p>\n<p>Un nuevo trabajo, liderado por la cient\u00edfica Cui Guo, de la Universidad de Hong Kong (China), analiz\u00f3 los datos de 24 922 adultos en Taiw\u00e1n, recogidos entre 2008 y 2022, con una edad biol\u00f3gica promedio de 46,3 a\u00f1os, para estudiar c\u00f3mo las olas de calor impactan en el envejecimiento.<\/p>\n<p>Hallamos efectos adversos de las olas de calor sobre el envejecimiento biol\u00f3gico estad\u00edsticamente significativos y que pueden persistir durante d\u00e9cadas. Al mismo tiempo, observamos que los valores estimados disminuyeron gradualmente a lo largo del periodo de estudio, lo que probablemente refleja una adaptaci\u00f3n a escala poblacional.<\/p>\n<p>A partir de pruebas m\u00e9dicas \u2014como funci\u00f3n hep\u00e1tica, presi\u00f3n arterial, inflamaci\u00f3n o colesterol\u2014 se calcul\u00f3 la edad biol\u00f3gica de cada persona y se compar\u00f3 con su edad cronol\u00f3gica.<\/p>\n<p>Los resultados muestran que quienes hab\u00edan estado m\u00e1s expuestos a olas de calor presentaban un mayor grado de envejecimiento acelerado. La exposici\u00f3n acumulada al calor se asoci\u00f3 con un incremento de entre 0,023 y 0,031 a\u00f1os en la aceleraci\u00f3n de la edad.<\/p>\n<p>Aunque los participantes parec\u00edan adaptarse al calor a lo largo de los 15 a\u00f1os analizados, los efectos perjudiciales para la salud persistieron. \u201cLas personas pueden adaptarse en cierta medida \u2014posiblemente a trav\u00e9s de mecanismos biol\u00f3gicos, conductuales o tecnol\u00f3gicos\u2014, pero los riesgos subyacentes para la salud derivados de las olas de calor permanecen y no deben pasarse por alto\u201d, explic\u00f3 la investigadora.<\/p>\n<p>Reconocemos que la aceleraci\u00f3n estimada del envejecimiento asociada a las olas de calor es relativamente peque\u00f1a en individuos, pero esta estimaci\u00f3n se basa principalmente en una exposici\u00f3n de dos a\u00f1os. A pesar de lo reducido de los valores, creemos que nuestros hallazgos tienen importantes implicaciones para la salud, a\u00f1adi\u00f3 Guo.<\/p>\n<\/div>\n<\/div>\n<div class=\"elementor-element elementor-element-4f75016 elementor-widget elementor-widget-post-info\" data-id=\"4f75016\" data-element_type=\"widget\" data-widget_type=\"post-info.default\">\n<div class=\"elementor-widget-container\">\n<ul class=\"elementor-inline-items elementor-icon-list-items elementor-post-info\">\n<li class=\"elementor-icon-list-item elementor-repeater-item-17dda3e elementor-inline-item\"><em><span class=\"elementor-icon-list-text elementor-post-info__item elementor-post-info__item--type-custom\">#<a href=\"https:\/\/primermomento.com\/?p=450465\" rel=\"tag\">calor<\/a>\u00a0#<a href=\"https:\/\/primermomento.com\/?p=450465\" rel=\"tag\">envejecimiento<\/a>\u00a0#<a href=\"https:\/\/primermomento.com\/?p=450465\" rel=\"tag\">salud<\/a><\/span><\/em><\/li>\n<\/ul>\n<\/div>\n<\/div>\n","protected":false},"excerpt":{"rendered":"<p>Por Prensa Latina Washington, EEUU.- La exposici\u00f3n repetida a olas de calor no solo aumenta la mortalidad a corto plazo, tambi\u00e9n acelera el envejecimiento biol\u00f3gico, concluye un estudio de 2008 a 2022 con casi 25 mil personas, publicado hoy en Nature Climate Change. La investigaci\u00f3n advierte que sus efectos pueden acumularse y acompa\u00f1arnos toda la [&hellip;]<\/p>\n","protected":false},"author":1,"featured_media":450466,"comment_status":"open","ping_status":"open","sticky":false,"template":"","format":"standard","meta":{"_bbp_topic_count":0,"_bbp_reply_count":0,"_bbp_total_topic_count":0,"_bbp_total_reply_count":0,"_bbp_voice_count":0,"_bbp_anonymous_reply_count":0,"_bbp_topic_count_hidden":0,"_bbp_reply_count_hidden":0,"_bbp_forum_subforum_count":0,"footnotes":""},"categories":[37,109],"tags":[],"class_list":{"0":"post-450465","1":"post","2":"type-post","3":"status-publish","4":"format-standard","5":"has-post-thumbnail","7":"category-ciencia-tecnologia","8":"category-eleccion"},"_links":{"self":[{"href":"https:\/\/primermomento.com\/index.php?rest_route=\/wp\/v2\/posts\/450465","targetHints":{"allow":["GET"]}}],"collection":[{"href":"https:\/\/primermomento.com\/index.php?rest_route=\/wp\/v2\/posts"}],"about":[{"href":"https:\/\/primermomento.com\/index.php?rest_route=\/wp\/v2\/types\/post"}],"author":[{"embeddable":true,"href":"https:\/\/primermomento.com\/index.php?rest_route=\/wp\/v2\/users\/1"}],"replies":[{"embeddable":true,"href":"https:\/\/primermomento.com\/index.php?rest_route=%2Fwp%2Fv2%2Fcomments&post=450465"}],"version-history":[{"count":1,"href":"https:\/\/primermomento.com\/index.php?rest_route=\/wp\/v2\/posts\/450465\/revisions"}],"predecessor-version":[{"id":450467,"href":"https:\/\/primermomento.com\/index.php?rest_route=\/wp\/v2\/posts\/450465\/revisions\/450467"}],"wp:featuredmedia":[{"embeddable":true,"href":"https:\/\/primermomento.com\/index.php?rest_route=\/wp\/v2\/media\/450466"}],"wp:attachment":[{"href":"https:\/\/primermomento.com\/index.php?rest_route=%2Fwp%2Fv2%2Fmedia&parent=450465"}],"wp:term":[{"taxonomy":"category","embeddable":true,"href":"https:\/\/primermomento.com\/index.php?rest_route=%2Fwp%2Fv2%2Fcategories&post=450465"},{"taxonomy":"post_tag","embeddable":true,"href":"https:\/\/primermomento.com\/index.php?rest_route=%2Fwp%2Fv2%2Ftags&post=450465"}],"curies":[{"name":"wp","href":"https:\/\/api.w.org\/{rel}","templated":true}]}}