{"id":450546,"date":"2025-08-31T12:21:59","date_gmt":"2025-08-31T16:21:59","guid":{"rendered":"https:\/\/primermomento.com\/?p=450546"},"modified":"2025-08-31T18:41:37","modified_gmt":"2025-08-31T22:41:37","slug":"seis-fallecidos-y-lesionados-en-accidente-de-transito-en-la-carretera-la-otra-banda-macao","status":"publish","type":"post","link":"https:\/\/primermomento.com\/?p=450546","title":{"rendered":"Seis fallecidos y lesionados en accidente de tr\u00e1nsito en la carretera La Otra Banda\u2013Macao"},"content":{"rendered":"<p><strong><em>Por <span style=\"color: #ff0000;\">Prensa Latina<\/span><\/em><\/strong><\/p>\n<p>LA ALTAGRACIA, Rep\u00fablica Dominicana.- Seis fallecidos y 19 lesionados caus\u00f3 un accidente de tr\u00e1nsito ocurrido anoche en la carretera La Otra Banda\u2013Macao, en la comunidad La Ceiba del Salado, provincia dominicana de La Altagracia, informaron hoy fuentes oficiales.<\/p>\n<div class=\"elementor-element elementor-element-0aea3a0 elementor-widget elementor-widget-theme-post-content\" data-id=\"0aea3a0\" data-element_type=\"widget\" data-widget_type=\"theme-post-content.default\">\n<div class=\"elementor-widget-container\">\n<p>La Direcci\u00f3n General de Seguridad de Tr\u00e1nsito y Transporte Terrestre (Digesett) y el Centro de Operaciones de Emergencias Distrital de Ver\u00f3n-Punta Cana precisaron que el incidente ocurri\u00f3 cerca de las 23:00, hora local.<\/p>\n<p>El accidente involucr\u00f3 a un cami\u00f3n recolector de basura que colision\u00f3 con una camioneta Toyota Tacoma en la que viajaban m\u00e1s de 10 personas que regresaban de una actividad religiosa, entre estos menores de edad.<\/p>\n<p>La gobernadora de La Altagracia, Daysi De \u00d3leo, se present\u00f3 de inmediato en los hospitales Materno Infantil y General Nuestra Se\u00f1ora de la Altagracia.<\/p>\n<p>La Polic\u00eda Nacional y la Digesett contin\u00faan las investigaciones con el fin de establecer responsabilidades en este hecho, precis\u00f3 la nota de prensa.<\/p>\n<\/div>\n<\/div>\n<div class=\"elementor-element elementor-element-4f75016 elementor-widget elementor-widget-post-info\" data-id=\"4f75016\" data-element_type=\"widget\" data-widget_type=\"post-info.default\">\n<div class=\"elementor-widget-container\">\n<ul class=\"elementor-inline-items elementor-icon-list-items elementor-post-info\">\n<li class=\"elementor-icon-list-item elementor-repeater-item-17dda3e elementor-inline-item\"><span class=\"elementor-icon-list-text elementor-post-info__item elementor-post-info__item--type-custom\">#<em><a href=\"https:\/\/primermomento.com\/?p=450546\" rel=\"tag\">fallecidos<\/a><\/em><\/span><\/li>\n<\/ul>\n<\/div>\n<\/div>\n","protected":false},"excerpt":{"rendered":"<p>Por Prensa Latina LA ALTAGRACIA, Rep\u00fablica Dominicana.- Seis fallecidos y 19 lesionados caus\u00f3 un accidente de tr\u00e1nsito ocurrido anoche en la carretera La Otra Banda\u2013Macao, en la comunidad La Ceiba del Salado, provincia dominicana de La Altagracia, informaron hoy fuentes oficiales. La Direcci\u00f3n General de Seguridad de Tr\u00e1nsito y Transporte Terrestre (Digesett) y el Centro [&hellip;]<\/p>\n","protected":false},"author":1,"featured_media":450547,"comment_status":"open","ping_status":"open","sticky":false,"template":"","format":"standard","meta":{"_bbp_topic_count":0,"_bbp_reply_count":0,"_bbp_total_topic_count":0,"_bbp_total_reply_count":0,"_bbp_voice_count":0,"_bbp_anonymous_reply_count":0,"_bbp_topic_count_hidden":0,"_bbp_reply_count_hidden":0,"_bbp_forum_subforum_count":0,"footnotes":""},"categories":[32],"tags":[],"class_list":{"0":"post-450546","1":"post","2":"type-post","3":"status-publish","4":"format-standard","5":"has-post-thumbnail","7":"category-lo-ultimo"},"_links":{"self":[{"href":"https:\/\/primermomento.com\/index.php?rest_route=\/wp\/v2\/posts\/450546","targetHints":{"allow":["GET"]}}],"collection":[{"href":"https:\/\/primermomento.com\/index.php?rest_route=\/wp\/v2\/posts"}],"about":[{"href":"https:\/\/primermomento.com\/index.php?rest_route=\/wp\/v2\/types\/post"}],"author":[{"embeddable":true,"href":"https:\/\/primermomento.com\/index.php?rest_route=\/wp\/v2\/users\/1"}],"replies":[{"embeddable":true,"href":"https:\/\/primermomento.com\/index.php?rest_route=%2Fwp%2Fv2%2Fcomments&post=450546"}],"version-history":[{"count":1,"href":"https:\/\/primermomento.com\/index.php?rest_route=\/wp\/v2\/posts\/450546\/revisions"}],"predecessor-version":[{"id":450548,"href":"https:\/\/primermomento.com\/index.php?rest_route=\/wp\/v2\/posts\/450546\/revisions\/450548"}],"wp:featuredmedia":[{"embeddable":true,"href":"https:\/\/primermomento.com\/index.php?rest_route=\/wp\/v2\/media\/450547"}],"wp:attachment":[{"href":"https:\/\/primermomento.com\/index.php?rest_route=%2Fwp%2Fv2%2Fmedia&parent=450546"}],"wp:term":[{"taxonomy":"category","embeddable":true,"href":"https:\/\/primermomento.com\/index.php?rest_route=%2Fwp%2Fv2%2Fcategories&post=450546"},{"taxonomy":"post_tag","embeddable":true,"href":"https:\/\/primermomento.com\/index.php?rest_route=%2Fwp%2Fv2%2Ftags&post=450546"}],"curies":[{"name":"wp","href":"https:\/\/api.w.org\/{rel}","templated":true}]}}