{"id":450643,"date":"2025-09-01T10:10:45","date_gmt":"2025-09-01T14:10:45","guid":{"rendered":"https:\/\/primermomento.com\/?p=450643"},"modified":"2025-09-01T12:20:56","modified_gmt":"2025-09-01T16:20:56","slug":"cientificos-alertan-que-tormenta-geomagnetica-impacta-la-tierra","status":"publish","type":"post","link":"https:\/\/primermomento.com\/?p=450643","title":{"rendered":"Cient\u00edficos alertan que tormenta geomagn\u00e9tica impacta la Tierra"},"content":{"rendered":"<p><strong><em>Por <span style=\"color: #ff0000;\">Prensa Latina<\/span><\/em><\/strong><\/p>\n<p>Washington, EEUU.- Una tormenta geomagn\u00e9tica de moderada intensidad impactar\u00e1 a la Tierra entre hoy y ma\u00f1ana, seg\u00fan alertan cient\u00edficos.<\/p>\n<div class=\"elementor-element elementor-element-0aea3a0 elementor-widget elementor-widget-theme-post-content\" data-id=\"0aea3a0\" data-element_type=\"widget\" data-widget_type=\"theme-post-content.default\">\n<div class=\"elementor-widget-container\">\n<p>Pron\u00f3sticos de la Administraci\u00f3n Nacional Oce\u00e1nica y Atmosf\u00e9rica de Estados Unidos (NOAA) avanzan que la tormenta alcanzar\u00e1 inicialmente la clase G2 en una escala medida hasta G5, pero en horas podr\u00eda intensificarse a G3.<\/p>\n<p>Como consecuencia de esta tormenta solar, los sat\u00e9lites podr\u00edan experimentar problemas de orientaci\u00f3n, interrupciones en los sistemas de navegaci\u00f3n por sat\u00e9lite e interferencias en las comunicaciones de radio.<\/p>\n<p>El fen\u00f3meno fue provocado por una llamarada emitida el 30 de agosto por la regi\u00f3n de manchas solares activas denominada 4199.<\/p>\n<p>Otros reportes indican que la llegada de esta perturbaci\u00f3n podr\u00eda provocar que las auroras boreales se observen en latitudes m\u00e1s bajas de lo habitual durante las noches del hoy y este martes.<\/p>\n<p>Espec\u00edficamente una tormenta geomagn\u00e9tica, tambi\u00e9n llamada tormenta solar, es una perturbaci\u00f3n temporal de la magnet\u00f3sfera terrestre que puede ser causada por una onda de choque de viento solar o una eyecci\u00f3n de masa coronal que interact\u00faa con el campo magn\u00e9tico terrestre.<\/p>\n<p>Se describe que varios fen\u00f3menos del clima espacial tienden a ser asociados con o son causados por tormentas geomagn\u00e9ticas, entre estos problemas en la radio y los radares, trastornos de la navegaci\u00f3n por comp\u00e1s magn\u00e9tico, y muestras de la aurora a latitudes mucho m\u00e1s bajas de lo normal.<\/p>\n<p>#<em><a href=\"https:\/\/primermomento.com\/?p=450643\" rel=\"tag\">Tormenta solar<\/a><\/em><\/p>\n<\/div>\n<\/div>\n","protected":false},"excerpt":{"rendered":"<p>Por Prensa Latina Washington, EEUU.- Una tormenta geomagn\u00e9tica de moderada intensidad impactar\u00e1 a la Tierra entre hoy y ma\u00f1ana, seg\u00fan alertan cient\u00edficos. Pron\u00f3sticos de la Administraci\u00f3n Nacional Oce\u00e1nica y Atmosf\u00e9rica de Estados Unidos (NOAA) avanzan que la tormenta alcanzar\u00e1 inicialmente la clase G2 en una escala medida hasta G5, pero en horas podr\u00eda intensificarse a [&hellip;]<\/p>\n","protected":false},"author":1,"featured_media":290537,"comment_status":"open","ping_status":"open","sticky":false,"template":"","format":"standard","meta":{"_bbp_topic_count":0,"_bbp_reply_count":0,"_bbp_total_topic_count":0,"_bbp_total_reply_count":0,"_bbp_voice_count":0,"_bbp_anonymous_reply_count":0,"_bbp_topic_count_hidden":0,"_bbp_reply_count_hidden":0,"_bbp_forum_subforum_count":0,"footnotes":""},"categories":[37],"tags":[],"class_list":{"0":"post-450643","1":"post","2":"type-post","3":"status-publish","4":"format-standard","5":"has-post-thumbnail","7":"category-ciencia-tecnologia"},"_links":{"self":[{"href":"https:\/\/primermomento.com\/index.php?rest_route=\/wp\/v2\/posts\/450643","targetHints":{"allow":["GET"]}}],"collection":[{"href":"https:\/\/primermomento.com\/index.php?rest_route=\/wp\/v2\/posts"}],"about":[{"href":"https:\/\/primermomento.com\/index.php?rest_route=\/wp\/v2\/types\/post"}],"author":[{"embeddable":true,"href":"https:\/\/primermomento.com\/index.php?rest_route=\/wp\/v2\/users\/1"}],"replies":[{"embeddable":true,"href":"https:\/\/primermomento.com\/index.php?rest_route=%2Fwp%2Fv2%2Fcomments&post=450643"}],"version-history":[{"count":1,"href":"https:\/\/primermomento.com\/index.php?rest_route=\/wp\/v2\/posts\/450643\/revisions"}],"predecessor-version":[{"id":450644,"href":"https:\/\/primermomento.com\/index.php?rest_route=\/wp\/v2\/posts\/450643\/revisions\/450644"}],"wp:featuredmedia":[{"embeddable":true,"href":"https:\/\/primermomento.com\/index.php?rest_route=\/wp\/v2\/media\/290537"}],"wp:attachment":[{"href":"https:\/\/primermomento.com\/index.php?rest_route=%2Fwp%2Fv2%2Fmedia&parent=450643"}],"wp:term":[{"taxonomy":"category","embeddable":true,"href":"https:\/\/primermomento.com\/index.php?rest_route=%2Fwp%2Fv2%2Fcategories&post=450643"},{"taxonomy":"post_tag","embeddable":true,"href":"https:\/\/primermomento.com\/index.php?rest_route=%2Fwp%2Fv2%2Ftags&post=450643"}],"curies":[{"name":"wp","href":"https:\/\/api.w.org\/{rel}","templated":true}]}}