{"id":450680,"date":"2025-09-02T08:56:28","date_gmt":"2025-09-02T12:56:28","guid":{"rendered":"https:\/\/primermomento.com\/?p=450680"},"modified":"2025-09-02T19:47:26","modified_gmt":"2025-09-02T23:47:26","slug":"organizacion-de-legisladores-de-america-latina-y-del-caribe-apoya-amparo-de-cumplimiento-contra-presidente-abinader-y-varios-funcionarios","status":"publish","type":"post","link":"https:\/\/primermomento.com\/?p=450680","title":{"rendered":"Legisladores latinoamericanos respaldan amparo de cumplimiento contra presidente Abinader y funcionarios"},"content":{"rendered":"<p><strong><em>Por<span style=\"color: #ff0000;\"> Servicios de Primermomento.com<\/span><\/em><\/strong><\/p>\n<p style=\"font-weight: 400;\">SANTO DOMINGO, Rep\u00fablica Dominicana.- La organizaci\u00f3n Legisladores por el Ambiente que abarca a senadores y diputados de toda Am\u00e9rica Latina y del Caribe, y a representantes a organismos parlamentarios multilaterales del Continente, manifest\u00f3 en el d\u00eda de ayer, su apoyo al amparo de cumplimiento contra el presidente de la Rep\u00fablica, Luis Abinader y varios funcionarios, recientemente incoado por el Comit\u00e9 Nacional de Lucha Contra el Cambio Clim\u00e1tico, CNLCC, y el Instituto de Abogados para la Protecci\u00f3n del Medio Ambiente, INSAPROMA.<\/p>\n<p style=\"font-weight: 400;\">En una nota, Legisladores por el Ambiente, firmada por su coordinador general, Ignacio Zabaleta, expres\u00f3 \u201csu compromiso con las actividades y gestiones para mitigar los efectos del cambio clim\u00e1tico, por lo que, respaldamos la actividad del Instituto de Abogados para la Protecci\u00f3n del Medio Ambiente, INSAPROMA, y el Comit\u00e9 Nacional de Lucha Contra el Cambio Clim\u00e1tico, CNLCC, en el marco de la audiencia que se celebr\u00f3 en la cuarta sala del Tribunal Superior Administrativo, TSA, bajo la presidencia del juez Ram\u00f3n Hiciano Berroa, para conocer el amparo de cumplimiento contra el presidente de la Rep\u00fablica, Luis Abinader, y varios funcionarios por su compromiso con la sustentabilidad y los Derechos Humanos\u201d.<\/p>\n<p style=\"font-weight: 400;\">El pasado martes, 26 de agosto, el Tribunal Superior Administrativo, TSA, conoci\u00f3 el debate del amparo de cumplimiento sometido por las entidades, reserv\u00e1ndose el fallo para una fecha pr\u00f3xima que no precis\u00f3.<\/p>\n<p style=\"font-weight: 400;\">Las organizaciones acusan al presidente Abinader de no cumplir la Ley 112-00 de Hidrocarburos que estableci\u00f3 un fondo para impulsar las energ\u00edas renovables, la Ley de Estrategia Nacional de Desarrollo, No.1-12, que en su cuarto eje establece la descarbonizaci\u00f3n y la sustituci\u00f3n de los f\u00f3siles importados por las fuentes de energ\u00edas limpias y renovables, y los art\u00edculos 61, 67 y 194 de la Constituci\u00f3n que ordenan proteger la salud, el medio ambiente y a enfrentar el cambio clim\u00e1tico.<\/p>\n<p style=\"font-weight: 400;\">Indicaron que por el contrario el presidente Abinader y su equipo, han auspiciado el funcionamiento de la Central Termoel\u00e9ctrica Punta Catalina a carb\u00f3n que emite 4.6 millones de toneladas de di\u00f3xido de carbono al a\u00f1o, la instalaci\u00f3n de las barcazas de Los Negros, Azua, en un \u00e1rea protegida, generando electricidad a partir de bunker C , uno de los combustibles m\u00e1s contaminantes,\u00a0 y ha propiciado la continuaci\u00f3n de las operaciones de las barcazas que operan en el r\u00edo Ozama con combustibles f\u00f3siles.<\/p>\n<p style=\"font-weight: 400;\">Tambi\u00e9n acusan al presidente Abinader y a su gobierno de auspiciar la construcci\u00f3n de generadores el\u00e9ctricos en Manzanillo, Monte Cristi que funcionar\u00e1n con combustibles f\u00f3siles, contraviniendo la Ley de Estrategia Nacional de Desarrollo.<\/p>\n<p style=\"font-weight: 400;\">Igualmente adujeron que no se ha cumplido la meta que estableciera la Ley 57-07 de Incentivos de Energ\u00edas Renovables de alcanzar para este a\u00f1o 2025, el 25% de energ\u00eda renovables en la matriz el\u00e9ctrica del pa\u00eds.<\/p>\n<p style=\"font-weight: 400;\">Las organizaciones respaldaron el amparo de cumplimiento tambi\u00e9n en las opiniones consultivas emitidas en julio pasado por la Corte Interamericana de Derechos Humanos, CIDH, y la Corte Internacional de Justicia, CIJ, de las Nacionales Unidas, que declararon que las obligaciones sobre el cambio clim\u00e1tico y la transici\u00f3n energ\u00e9tica son de estricto cumplimiento jur\u00eddico.<\/p>\n<p style=\"font-weight: 400;\">Resaltaron que la Corte Interamericana de Derechos Humanos, CIDH, declar\u00f3 como derecho humano el goce de un clima estable y seguro, por lo que el incumplimiento de las disposiciones constitucionales, legales y de compromisos internacionales en esta materia, es una grave violaci\u00f3n a un derecho humano que puede ser recurrida contra los Estados y los gobiernos ante los tribunales y ante esa corte.<\/p>\n<p style=\"font-weight: 400;\">Legisladores por el Ambiente reiter\u00f3 en la nota remitida en respaldo a. CNLCC y a INSAPROMA, \u201csu estricto \u00e9nfasis en el compromiso de apoyar, participar e impulsar en toda Am\u00e9rica Latina, acciones vinculadas a cambio de matriz energ\u00e9tica, saneamiento de basurales a cielo abierto, producci\u00f3n org\u00e1nica y sustentable, establecer l\u00edmites al extractivismo, responsable de la contaminaci\u00f3n de acu\u00edferos y nacientes de cuencas, y destrucci\u00f3n de ecosistemas, fortaleciendo acuerdos con los \u00e1mbitos de gobiernos locales, estaduales\u00a0 y nacionales\u201d.<\/p>\n<p style=\"font-weight: 400;\">Las entidades dominicanas expresaron su agradecimiento a la oportuna solidaridad de Legisladores Por el Ambiente.<\/p>\n","protected":false},"excerpt":{"rendered":"<p>Por Servicios de Primermomento.com SANTO DOMINGO, Rep\u00fablica Dominicana.- La organizaci\u00f3n Legisladores por el Ambiente que abarca a senadores y diputados de toda Am\u00e9rica Latina y del Caribe, y a representantes a organismos parlamentarios multilaterales del Continente, manifest\u00f3 en el d\u00eda de ayer, su apoyo al amparo de cumplimiento contra el presidente de la Rep\u00fablica, Luis [&hellip;]<\/p>\n","protected":false},"author":1,"featured_media":450681,"comment_status":"open","ping_status":"open","sticky":false,"template":"","format":"standard","meta":{"_bbp_topic_count":0,"_bbp_reply_count":0,"_bbp_total_topic_count":0,"_bbp_total_reply_count":0,"_bbp_voice_count":0,"_bbp_anonymous_reply_count":0,"_bbp_topic_count_hidden":0,"_bbp_reply_count_hidden":0,"_bbp_forum_subforum_count":0,"footnotes":""},"categories":[37],"tags":[],"class_list":{"0":"post-450680","1":"post","2":"type-post","3":"status-publish","4":"format-standard","5":"has-post-thumbnail","7":"category-ciencia-tecnologia"},"_links":{"self":[{"href":"https:\/\/primermomento.com\/index.php?rest_route=\/wp\/v2\/posts\/450680","targetHints":{"allow":["GET"]}}],"collection":[{"href":"https:\/\/primermomento.com\/index.php?rest_route=\/wp\/v2\/posts"}],"about":[{"href":"https:\/\/primermomento.com\/index.php?rest_route=\/wp\/v2\/types\/post"}],"author":[{"embeddable":true,"href":"https:\/\/primermomento.com\/index.php?rest_route=\/wp\/v2\/users\/1"}],"replies":[{"embeddable":true,"href":"https:\/\/primermomento.com\/index.php?rest_route=%2Fwp%2Fv2%2Fcomments&post=450680"}],"version-history":[{"count":3,"href":"https:\/\/primermomento.com\/index.php?rest_route=\/wp\/v2\/posts\/450680\/revisions"}],"predecessor-version":[{"id":450729,"href":"https:\/\/primermomento.com\/index.php?rest_route=\/wp\/v2\/posts\/450680\/revisions\/450729"}],"wp:featuredmedia":[{"embeddable":true,"href":"https:\/\/primermomento.com\/index.php?rest_route=\/wp\/v2\/media\/450681"}],"wp:attachment":[{"href":"https:\/\/primermomento.com\/index.php?rest_route=%2Fwp%2Fv2%2Fmedia&parent=450680"}],"wp:term":[{"taxonomy":"category","embeddable":true,"href":"https:\/\/primermomento.com\/index.php?rest_route=%2Fwp%2Fv2%2Fcategories&post=450680"},{"taxonomy":"post_tag","embeddable":true,"href":"https:\/\/primermomento.com\/index.php?rest_route=%2Fwp%2Fv2%2Ftags&post=450680"}],"curies":[{"name":"wp","href":"https:\/\/api.w.org\/{rel}","templated":true}]}}