{"id":450707,"date":"2025-09-02T07:25:38","date_gmt":"2025-09-02T11:25:38","guid":{"rendered":"https:\/\/primermomento.com\/?p=450707"},"modified":"2025-09-02T10:36:57","modified_gmt":"2025-09-02T14:36:57","slug":"omc-considera-guerra-arancelaria-como-sumamente-perjudicial","status":"publish","type":"post","link":"https:\/\/primermomento.com\/?p=450707","title":{"rendered":"OMC considera guerra arancelaria como sumamente perjudicial"},"content":{"rendered":"<p><strong><em>Por <span style=\"color: #ff0000;\">Prensa Latina<\/span><\/em><\/strong><\/p>\n<p>Ginebra, SUIZA.- La directora general de la Organizaci\u00f3n Mundial del Comercio (OMC), Ngozi Okonjo-Iweala, consider\u00f3 hoy a la guerra arancelaria como sumamente perjudicial.<\/p>\n<p>En una entrevista, la ejecutiva se refiri\u00f3 a que la proporci\u00f3n del comercio mundial que se realiza en las condiciones de la OMC declin\u00f3 al 72 por ciento, y podr\u00eda descender a\u00fan m\u00e1s.<\/p>\n<p>Ello ocurre en un contexto de una mayor perturbaci\u00f3n del sistema comercial internacional de los \u00faltimos 80 a\u00f1os, dijo.<\/p>\n<p>Recalc\u00f3 que se experimenta la mayor alteraci\u00f3n de las normas del comercio mundial, sin precedentes en los \u00faltimos 80 a\u00f1os.<\/p>\n<p>Ngozi Okonjo-Iweala concedi\u00f3 una entrevista a Reuters al inicio de su segundo mandato al frente del organismo de vigilancia del comercio con sede en Ginebra.<\/p>\n<p>Insisti\u00f3 en que no es sorprendente que algunos cuestionen el sistema de comercio mundial y su previsibilidad.<\/p>\n<p>Desde la introducci\u00f3n de los aranceles del Gobierno del presidente estadounidense, Donald Trump, la proporci\u00f3n del comercio mundial realizado bajo t\u00e9rminos de naci\u00f3n m\u00e1s favorecida de la OMC se recort\u00f3 alrededor del 80 por ciento, seg\u00fan datos de la agencia.<\/p>\n","protected":false},"excerpt":{"rendered":"<p>Por Prensa Latina Ginebra, SUIZA.- La directora general de la Organizaci\u00f3n Mundial del Comercio (OMC), Ngozi Okonjo-Iweala, consider\u00f3 hoy a la guerra arancelaria como sumamente perjudicial. En una entrevista, la ejecutiva se refiri\u00f3 a que la proporci\u00f3n del comercio mundial que se realiza en las condiciones de la OMC declin\u00f3 al 72 por ciento, y [&hellip;]<\/p>\n","protected":false},"author":1,"featured_media":437054,"comment_status":"open","ping_status":"open","sticky":false,"template":"","format":"standard","meta":{"_bbp_topic_count":0,"_bbp_reply_count":0,"_bbp_total_topic_count":0,"_bbp_total_reply_count":0,"_bbp_voice_count":0,"_bbp_anonymous_reply_count":0,"_bbp_topic_count_hidden":0,"_bbp_reply_count_hidden":0,"_bbp_forum_subforum_count":0,"footnotes":""},"categories":[35],"tags":[],"class_list":{"0":"post-450707","1":"post","2":"type-post","3":"status-publish","4":"format-standard","5":"has-post-thumbnail","7":"category-economia"},"_links":{"self":[{"href":"https:\/\/primermomento.com\/index.php?rest_route=\/wp\/v2\/posts\/450707","targetHints":{"allow":["GET"]}}],"collection":[{"href":"https:\/\/primermomento.com\/index.php?rest_route=\/wp\/v2\/posts"}],"about":[{"href":"https:\/\/primermomento.com\/index.php?rest_route=\/wp\/v2\/types\/post"}],"author":[{"embeddable":true,"href":"https:\/\/primermomento.com\/index.php?rest_route=\/wp\/v2\/users\/1"}],"replies":[{"embeddable":true,"href":"https:\/\/primermomento.com\/index.php?rest_route=%2Fwp%2Fv2%2Fcomments&post=450707"}],"version-history":[{"count":1,"href":"https:\/\/primermomento.com\/index.php?rest_route=\/wp\/v2\/posts\/450707\/revisions"}],"predecessor-version":[{"id":450708,"href":"https:\/\/primermomento.com\/index.php?rest_route=\/wp\/v2\/posts\/450707\/revisions\/450708"}],"wp:featuredmedia":[{"embeddable":true,"href":"https:\/\/primermomento.com\/index.php?rest_route=\/wp\/v2\/media\/437054"}],"wp:attachment":[{"href":"https:\/\/primermomento.com\/index.php?rest_route=%2Fwp%2Fv2%2Fmedia&parent=450707"}],"wp:term":[{"taxonomy":"category","embeddable":true,"href":"https:\/\/primermomento.com\/index.php?rest_route=%2Fwp%2Fv2%2Fcategories&post=450707"},{"taxonomy":"post_tag","embeddable":true,"href":"https:\/\/primermomento.com\/index.php?rest_route=%2Fwp%2Fv2%2Ftags&post=450707"}],"curies":[{"name":"wp","href":"https:\/\/api.w.org\/{rel}","templated":true}]}}