{"id":450869,"date":"2025-09-04T10:03:46","date_gmt":"2025-09-04T14:03:46","guid":{"rendered":"https:\/\/primermomento.com\/?p=450869"},"modified":"2025-09-04T16:39:22","modified_gmt":"2025-09-04T20:39:22","slug":"empresarios-dominicanos-instan-debate-nacional-sobre-reforma-fiscal","status":"publish","type":"post","link":"https:\/\/primermomento.com\/?p=450869","title":{"rendered":"Empresarios dominicanos instan debate nacional sobre reforma fiscal"},"content":{"rendered":"<p><strong><em>Por <span style=\"color: #ff0000;\">Prensa Latina<\/span><\/em><\/strong><\/p>\n<p>SANTO DOMINGO, Rep\u00fablica Dominicana.- La Uni\u00f3n Nacional de Empresarios (UNE) de Rep\u00fablica Dominicana llam\u00f3 hoy a un debate nacional sobre la reforma fiscal y a la revisi\u00f3n del C\u00f3digo de Trabajo ante nuevas cargas tributarias.<\/p>\n<div class=\"elementor-element elementor-element-0aea3a0 elementor-widget elementor-widget-theme-post-content\" data-id=\"0aea3a0\" data-element_type=\"widget\" data-widget_type=\"theme-post-content.default\">\n<div class=\"elementor-widget-container\">\n<p>Consider\u00f3 que antes de crear m\u00e1s impuestos el pa\u00eds debe enfocarse en un proceso de reformas estructurales que se conviertan en instrumentos para el desarrollo nacional.<\/p>\n<p>A su juicio, estas deben estimular la inversi\u00f3n y la generaci\u00f3n de empleos para contribuir a combatir la informalidad laboral, adem\u00e1s de apoyar la competitividad de las peque\u00f1as y medianas empresas.<\/p>\n<p>El presidente de la UNE, Leonel Castellanos, sostuvo que es imposible hablar de una reforma fiscal aislada, sin antes definir qu\u00e9 se har\u00e1 con los costos que enfrentan las empresas, con un sistema de cesant\u00eda que requiere modernizaci\u00f3n y con un gasto p\u00fablico que necesita mayor eficiencia.<\/p>\n<p>Advirti\u00f3 que, si no se abordan estas bases, cualquier reforma tributaria ser\u00e1 m\u00e1s una carga que una soluci\u00f3n.<\/p>\n<p>El dirigente empresarial agreg\u00f3, adem\u00e1s, que la pol\u00edtica monetaria utilizada como instrumento de apoyo al crecimiento muestra limitaciones.<\/p>\n<p>Se\u00f1al\u00f3 que las bajas y alzas de tasas, as\u00ed como la inyecci\u00f3n de recursos, no logran impactar de forma efectiva a los sectores productivos que m\u00e1s lo necesitan.<\/p>\n<p>En ese sentido, exhort\u00f3 al nuevo ministro de Hacienda y al Gobierno a propiciar un proceso de consulta amplio y con la participaci\u00f3n de todos los sectores econ\u00f3micos y sociales antes de definir cambios en el esquema tributario y laboral.<\/p>\n<p>Reiter\u00f3 la disposici\u00f3n de la UNE de aportar ideas para una reforma integral que, m\u00e1s all\u00e1 de recaudar m\u00e1s impuestos, contribuya a estimular la inversi\u00f3n, proteger el empleo y asegurar la competitividad del pa\u00eds.<\/p>\n<\/div>\n<\/div>\n<div class=\"elementor-element elementor-element-4f75016 elementor-widget elementor-widget-post-info\" data-id=\"4f75016\" data-element_type=\"widget\" data-widget_type=\"post-info.default\">\n<div class=\"elementor-widget-container\">\n<ul class=\"elementor-inline-items elementor-icon-list-items elementor-post-info\">\n<li class=\"elementor-icon-list-item elementor-repeater-item-17dda3e elementor-inline-item\"><em><span class=\"elementor-icon-list-text elementor-post-info__item elementor-post-info__item--type-custom\">#<a href=\"https:\/\/primermomento.com\/?p=450869\" rel=\"tag\">c\u00f3digo trabajo<\/a>\u00a0#<a href=\"https:\/\/primermomento.com\/?p=450869\" rel=\"tag\">UNE<\/a><\/span><\/em><\/li>\n<\/ul>\n<\/div>\n<\/div>\n","protected":false},"excerpt":{"rendered":"<p>Por Prensa Latina SANTO DOMINGO, Rep\u00fablica Dominicana.- La Uni\u00f3n Nacional de Empresarios (UNE) de Rep\u00fablica Dominicana llam\u00f3 hoy a un debate nacional sobre la reforma fiscal y a la revisi\u00f3n del C\u00f3digo de Trabajo ante nuevas cargas tributarias. Consider\u00f3 que antes de crear m\u00e1s impuestos el pa\u00eds debe enfocarse en un proceso de reformas estructurales [&hellip;]<\/p>\n","protected":false},"author":1,"featured_media":450870,"comment_status":"open","ping_status":"open","sticky":false,"template":"","format":"standard","meta":{"_bbp_topic_count":0,"_bbp_reply_count":0,"_bbp_total_topic_count":0,"_bbp_total_reply_count":0,"_bbp_voice_count":0,"_bbp_anonymous_reply_count":0,"_bbp_topic_count_hidden":0,"_bbp_reply_count_hidden":0,"_bbp_forum_subforum_count":0,"footnotes":""},"categories":[35],"tags":[],"class_list":{"0":"post-450869","1":"post","2":"type-post","3":"status-publish","4":"format-standard","5":"has-post-thumbnail","7":"category-economia"},"_links":{"self":[{"href":"https:\/\/primermomento.com\/index.php?rest_route=\/wp\/v2\/posts\/450869","targetHints":{"allow":["GET"]}}],"collection":[{"href":"https:\/\/primermomento.com\/index.php?rest_route=\/wp\/v2\/posts"}],"about":[{"href":"https:\/\/primermomento.com\/index.php?rest_route=\/wp\/v2\/types\/post"}],"author":[{"embeddable":true,"href":"https:\/\/primermomento.com\/index.php?rest_route=\/wp\/v2\/users\/1"}],"replies":[{"embeddable":true,"href":"https:\/\/primermomento.com\/index.php?rest_route=%2Fwp%2Fv2%2Fcomments&post=450869"}],"version-history":[{"count":1,"href":"https:\/\/primermomento.com\/index.php?rest_route=\/wp\/v2\/posts\/450869\/revisions"}],"predecessor-version":[{"id":450871,"href":"https:\/\/primermomento.com\/index.php?rest_route=\/wp\/v2\/posts\/450869\/revisions\/450871"}],"wp:featuredmedia":[{"embeddable":true,"href":"https:\/\/primermomento.com\/index.php?rest_route=\/wp\/v2\/media\/450870"}],"wp:attachment":[{"href":"https:\/\/primermomento.com\/index.php?rest_route=%2Fwp%2Fv2%2Fmedia&parent=450869"}],"wp:term":[{"taxonomy":"category","embeddable":true,"href":"https:\/\/primermomento.com\/index.php?rest_route=%2Fwp%2Fv2%2Fcategories&post=450869"},{"taxonomy":"post_tag","embeddable":true,"href":"https:\/\/primermomento.com\/index.php?rest_route=%2Fwp%2Fv2%2Ftags&post=450869"}],"curies":[{"name":"wp","href":"https:\/\/api.w.org\/{rel}","templated":true}]}}