{"id":450929,"date":"2025-09-05T12:42:59","date_gmt":"2025-09-05T16:42:59","guid":{"rendered":"https:\/\/primermomento.com\/?p=450929"},"modified":"2025-09-05T15:43:08","modified_gmt":"2025-09-05T19:43:08","slug":"industria-y-comercio-aportaron-61-por-ciento-de-empleos-en-dominicana","status":"publish","type":"post","link":"https:\/\/primermomento.com\/?p=450929","title":{"rendered":"Industria y Comercio aportaron 61 por ciento de empleos en Dominicana"},"content":{"rendered":"<p><strong><em>Por <span style=\"color: #ff0000;\">Prensa Latina<\/span><\/em><\/strong><\/p>\n<p>SANTO DOMINGO, Rep\u00fablica Dominicana.- Los sectores de Industria y Comercio contribuyeron con el 61 por ciento de los nuevos puestos de trabajo registrados en el segundo trimestre de 2025 en la Rep\u00fablica Dominicana, informaron hoy fuentes oficiales.<\/p>\n<p>Datos recientes sobre el mercado laboral dominicano indican que ese crecimiento, que suma 72 mil 242 empleos, desempe\u00f1a un rol fundamental en la dinamizaci\u00f3n de la econom\u00eda y la formalizaci\u00f3n del mercado laboral.<\/p>\n<p>Una informaci\u00f3n del Ministerio de Industria y Comercio resalta que entre abril y junio fueron creadas 121 mil 164 nuevas plazas y de esa cantidad m\u00e1s de 72 mil corresponden a los sectores productivos y comerciales, lo que fortifica la tendencia positiva en la ocupaci\u00f3n.<\/p>\n<p>Los ocupados en la econom\u00eda son cinco millones 123 mil 548 al cierre del segundo trimestre, mientras en el mismo periodo las cifras reflejan una disminuci\u00f3n de 43 mil 434 personas en el trabajo informal, 2.2 puntos porcentuales menos que en el segundo trimestre de 2024.<\/p>\n<p>El ministro de Industria, Comercio y Mipymes, V\u00edctor -Ito- Bison\u00f3, destac\u00f3 que los resultados de este periodo reflejan el dinamismo y la solidez de los sectores productivos.<\/p>\n<p>Sostuvo que el incremento sostenido en la generaci\u00f3n de empleo formal es un pilar clave para el desarrollo econ\u00f3mico del pa\u00eds \u201ce indica que estamos en el camino correcto para seguir fortaleciendo nuestra econom\u00eda\u00bb.<\/p>\n","protected":false},"excerpt":{"rendered":"<p>Por Prensa Latina SANTO DOMINGO, Rep\u00fablica Dominicana.- Los sectores de Industria y Comercio contribuyeron con el 61 por ciento de los nuevos puestos de trabajo registrados en el segundo trimestre de 2025 en la Rep\u00fablica Dominicana, informaron hoy fuentes oficiales. Datos recientes sobre el mercado laboral dominicano indican que ese crecimiento, que suma 72 mil [&hellip;]<\/p>\n","protected":false},"author":1,"featured_media":424962,"comment_status":"open","ping_status":"open","sticky":false,"template":"","format":"standard","meta":{"_bbp_topic_count":0,"_bbp_reply_count":0,"_bbp_total_topic_count":0,"_bbp_total_reply_count":0,"_bbp_voice_count":0,"_bbp_anonymous_reply_count":0,"_bbp_topic_count_hidden":0,"_bbp_reply_count_hidden":0,"_bbp_forum_subforum_count":0,"footnotes":""},"categories":[35],"tags":[],"class_list":{"0":"post-450929","1":"post","2":"type-post","3":"status-publish","4":"format-standard","5":"has-post-thumbnail","7":"category-economia"},"_links":{"self":[{"href":"https:\/\/primermomento.com\/index.php?rest_route=\/wp\/v2\/posts\/450929","targetHints":{"allow":["GET"]}}],"collection":[{"href":"https:\/\/primermomento.com\/index.php?rest_route=\/wp\/v2\/posts"}],"about":[{"href":"https:\/\/primermomento.com\/index.php?rest_route=\/wp\/v2\/types\/post"}],"author":[{"embeddable":true,"href":"https:\/\/primermomento.com\/index.php?rest_route=\/wp\/v2\/users\/1"}],"replies":[{"embeddable":true,"href":"https:\/\/primermomento.com\/index.php?rest_route=%2Fwp%2Fv2%2Fcomments&post=450929"}],"version-history":[{"count":1,"href":"https:\/\/primermomento.com\/index.php?rest_route=\/wp\/v2\/posts\/450929\/revisions"}],"predecessor-version":[{"id":450930,"href":"https:\/\/primermomento.com\/index.php?rest_route=\/wp\/v2\/posts\/450929\/revisions\/450930"}],"wp:featuredmedia":[{"embeddable":true,"href":"https:\/\/primermomento.com\/index.php?rest_route=\/wp\/v2\/media\/424962"}],"wp:attachment":[{"href":"https:\/\/primermomento.com\/index.php?rest_route=%2Fwp%2Fv2%2Fmedia&parent=450929"}],"wp:term":[{"taxonomy":"category","embeddable":true,"href":"https:\/\/primermomento.com\/index.php?rest_route=%2Fwp%2Fv2%2Fcategories&post=450929"},{"taxonomy":"post_tag","embeddable":true,"href":"https:\/\/primermomento.com\/index.php?rest_route=%2Fwp%2Fv2%2Ftags&post=450929"}],"curies":[{"name":"wp","href":"https:\/\/api.w.org\/{rel}","templated":true}]}}