{"id":450933,"date":"2025-09-05T12:47:23","date_gmt":"2025-09-05T16:47:23","guid":{"rendered":"https:\/\/primermomento.com\/?p=450933"},"modified":"2025-09-06T11:50:50","modified_gmt":"2025-09-06T15:50:50","slug":"centrales-sindicales-dominicanas-contra-cambio-al-regimen-de-cesantia","status":"publish","type":"post","link":"https:\/\/primermomento.com\/?p=450933","title":{"rendered":"Centrales sindicales dominicanas contra cambio al r\u00e9gimen de cesant\u00eda"},"content":{"rendered":"<p><strong><em>Por P<span style=\"color: #ff0000;\">rensa Latina<\/span><\/em><\/strong><\/p>\n<p>SANTO DOMINGO, Rep\u00fablica Dominicana.- Centrales sindicales dominicanas rechazaron hoy las pretensiones de legisladores de modificar el r\u00e9gimen de cesant\u00eda laboral en el contexto de la actual reforma al C\u00f3digo de Trabajo.<\/p>\n<div class=\"elementor-element elementor-element-0aea3a0 elementor-widget elementor-widget-theme-post-content\" data-id=\"0aea3a0\" data-element_type=\"widget\" data-widget_type=\"theme-post-content.default\">\n<div class=\"elementor-widget-container\">\n<p>La Confederaci\u00f3n Nacional de Trabajadores Dominicanos (Cntd), Confederaci\u00f3n Aut\u00f3noma Sindical Clasista (Casc) y la Confederaci\u00f3n Nacional de Unidad Sindical (Cnus) refutaron esta idea y anunciaron movilizaciones si los congresistas insisten.<\/p>\n<p>Los presidentes de la Cntd, Casd y Cnus, Jacobo Ramos, Gabriel del R\u00edo y Rafael Abreu, respectivamente, recordaron que el proceso de concertaci\u00f3n finaliz\u00f3 con un consenso que fue sometido por el presidente Luis Abinader al Congreso Nacional, sin que se tocara la cesant\u00eda.<\/p>\n<p>Consideraron que los congresistas que ahora plantean cambios \u201chacen un flaco servicio a sus partidos pol\u00edticos y al clima de paz social que vive el pa\u00eds, al intentar favorecer \u00fanicamente al sector empresarial\u201d.<\/p>\n<p>Las centrales sindicales advirtieron que modificar la cesant\u00eda ser\u00eda una violaci\u00f3n a la Constituci\u00f3n, que en su art\u00edculo 110 proh\u00edbe alterar derechos adquiridos, y al art\u00edculo 62 que reconoce el trabajo como un derecho fundamental bajo protecci\u00f3n del Estado.<\/p>\n<p>Se\u00f1alaron que algunos legisladores subestiman el compromiso del movimiento sindical con el di\u00e1logo social, y advirtieron que, si insisten en violentar los derechos de los trabajadores, el pa\u00eds podr\u00eda retornar a escenarios de conflictividad social y huelgas del pasado reciente.<\/p>\n<p>Anunciaron un plan de movilizaci\u00f3n nacional que iniciar\u00e1 con una vigilia frente al Congreso Nacional el pr\u00f3ximo mi\u00e9rcoles 10 de septiembre a las 15:00, hora local.<\/p>\n<p>Adem\u00e1s, proyectan la realizaci\u00f3n de marchas y plantones en distintas provincias, visitas masivas a entidades pol\u00edticas y econ\u00f3micas, y acciones de mayor contundencia en defensa de los derechos laborales, si fuera necesario.<\/p>\n<p>Reiteraron que no permitir\u00e1n que se vulneren conquistas hist\u00f3ricas de los trabajadores dominicanos.<\/p>\n<p>El Senado aprob\u00f3 en julio pasado el proyecto de ley que reforma el C\u00f3digo de Trabajo, con el fin de mejorar las condiciones laborales y fortalecer aspectos como la no discriminaci\u00f3n, la conciliaci\u00f3n de conflictos y las regulaciones sobre horas extras, suspensi\u00f3n de contratos y licencias, seg\u00fan la versi\u00f3n oficial.<\/p>\n<p>Abinader dej\u00f3 entrever en d\u00edas recientes que el C\u00f3digo de Trabajo, tras haber perimido en el Congreso Nacional, ser\u00eda reintroducido por el Poder Ejecutivo en la legislatura que comenz\u00f3 el 16 de agosto y que un mes despu\u00e9s la pieza podr\u00eda ser aprobada.<\/p>\n<p>ro\/mpv<\/p>\n<\/div>\n<\/div>\n<div class=\"elementor-element elementor-element-4f75016 elementor-widget elementor-widget-post-info\" data-id=\"4f75016\" data-element_type=\"widget\" data-widget_type=\"post-info.default\">\n<div class=\"elementor-widget-container\">\n<ul class=\"elementor-inline-items elementor-icon-list-items elementor-post-info\">\n<li class=\"elementor-icon-list-item elementor-repeater-item-17dda3e elementor-inline-item\"><span class=\"elementor-icon-list-text elementor-post-info__item elementor-post-info__item--type-custom\">#<a href=\"https:\/\/www.prensa-latina.cu\/etiqueta\/manifestaciones\/\" rel=\"tag\">manifestaciones<\/a><\/span><\/li>\n<\/ul>\n<\/div>\n<\/div>\n","protected":false},"excerpt":{"rendered":"<p>Por Prensa Latina SANTO DOMINGO, Rep\u00fablica Dominicana.- Centrales sindicales dominicanas rechazaron hoy las pretensiones de legisladores de modificar el r\u00e9gimen de cesant\u00eda laboral en el contexto de la actual reforma al C\u00f3digo de Trabajo. La Confederaci\u00f3n Nacional de Trabajadores Dominicanos (Cntd), Confederaci\u00f3n Aut\u00f3noma Sindical Clasista (Casc) y la Confederaci\u00f3n Nacional de Unidad Sindical (Cnus) refutaron [&hellip;]<\/p>\n","protected":false},"author":1,"featured_media":288753,"comment_status":"open","ping_status":"open","sticky":false,"template":"","format":"standard","meta":{"_bbp_topic_count":0,"_bbp_reply_count":0,"_bbp_total_topic_count":0,"_bbp_total_reply_count":0,"_bbp_voice_count":0,"_bbp_anonymous_reply_count":0,"_bbp_topic_count_hidden":0,"_bbp_reply_count_hidden":0,"_bbp_forum_subforum_count":0,"footnotes":""},"categories":[35],"tags":[],"class_list":{"0":"post-450933","1":"post","2":"type-post","3":"status-publish","4":"format-standard","5":"has-post-thumbnail","7":"category-economia"},"_links":{"self":[{"href":"https:\/\/primermomento.com\/index.php?rest_route=\/wp\/v2\/posts\/450933","targetHints":{"allow":["GET"]}}],"collection":[{"href":"https:\/\/primermomento.com\/index.php?rest_route=\/wp\/v2\/posts"}],"about":[{"href":"https:\/\/primermomento.com\/index.php?rest_route=\/wp\/v2\/types\/post"}],"author":[{"embeddable":true,"href":"https:\/\/primermomento.com\/index.php?rest_route=\/wp\/v2\/users\/1"}],"replies":[{"embeddable":true,"href":"https:\/\/primermomento.com\/index.php?rest_route=%2Fwp%2Fv2%2Fcomments&post=450933"}],"version-history":[{"count":1,"href":"https:\/\/primermomento.com\/index.php?rest_route=\/wp\/v2\/posts\/450933\/revisions"}],"predecessor-version":[{"id":450934,"href":"https:\/\/primermomento.com\/index.php?rest_route=\/wp\/v2\/posts\/450933\/revisions\/450934"}],"wp:featuredmedia":[{"embeddable":true,"href":"https:\/\/primermomento.com\/index.php?rest_route=\/wp\/v2\/media\/288753"}],"wp:attachment":[{"href":"https:\/\/primermomento.com\/index.php?rest_route=%2Fwp%2Fv2%2Fmedia&parent=450933"}],"wp:term":[{"taxonomy":"category","embeddable":true,"href":"https:\/\/primermomento.com\/index.php?rest_route=%2Fwp%2Fv2%2Fcategories&post=450933"},{"taxonomy":"post_tag","embeddable":true,"href":"https:\/\/primermomento.com\/index.php?rest_route=%2Fwp%2Fv2%2Ftags&post=450933"}],"curies":[{"name":"wp","href":"https:\/\/api.w.org\/{rel}","templated":true}]}}