{"id":450968,"date":"2025-09-05T13:00:31","date_gmt":"2025-09-05T17:00:31","guid":{"rendered":"https:\/\/primermomento.com\/?p=450968"},"modified":"2025-09-06T11:51:06","modified_gmt":"2025-09-06T15:51:06","slug":"gobierno-dominicano-preve-duplicar-exportaciones-del-agro-en-10-anos","status":"publish","type":"post","link":"https:\/\/primermomento.com\/?p=450968","title":{"rendered":"Gobierno dominicano prev\u00e9 duplicar exportaciones del agro en 10 a\u00f1os"},"content":{"rendered":"<p><em><strong>Por <span style=\"color: #ff0000;\">Prensa Latina<\/span><\/strong><\/em><\/p>\n<p>SANTO DOMINGO, Rep\u00fablica Dominicana.- El ministro de la Presidencia, Jos\u00e9 Ignacio Paliza, destac\u00f3 hoy el compromiso del Gobierno dominicano de duplicar las exportaciones agropecuarias y agroindustriales de aqu\u00ed al a\u00f1o 2036.<\/p>\n<div class=\"elementor-element elementor-element-0aea3a0 elementor-widget elementor-widget-theme-post-content\" data-id=\"0aea3a0\" data-element_type=\"widget\" data-widget_type=\"theme-post-content.default\">\n<div class=\"elementor-widget-container\">\n<p>Al intervenir en el XXVII Encuentro Nacional de L\u00edderes del Sector Agropecuario, organizado por la Junta Agroempresarial Dominicana en la ciudad de Punta Cana, Paliza manifest\u00f3 que el agro es un sector estrat\u00e9gico para la naci\u00f3n.<\/p>\n<p>En ese sentido, sostuvo que adem\u00e1s de garantizar la seguridad alimentaria, genera m\u00e1s de 300 mil empleos en las zonas rurales y aporta cerca del 6.0 por ciento al Producto Interno Bruto (PIB).<\/p>\n<p>Detall\u00f3 que en la actualidad las exportaciones agropecuarias y agroindustriales rondan los tres mil 365 millones de d\u00f3lares, con un crecimiento del 29.5 por ciento en los \u00faltimos cinco a\u00f1os.<\/p>\n<p>\u201cDuplicarlas al 2036 significa superar los seis mil 500 millones de d\u00f3lares, con un impacto directo en m\u00e1s divisas, m\u00e1s empleos y m\u00e1s oportunidades para peque\u00f1os y medianos productores\u201d, explic\u00f3.<\/p>\n<p>El ministro resalt\u00f3 logros recientes como la expansi\u00f3n del cacao, aguacate, tabaco y cigarros, as\u00ed como las inversiones en infraestructura y log\u00edstica \u2014puertos, carreteras, zonas francas, aeropuertos y presas\u2014 que consolidan la competitividad del campo dominicano.<\/p>\n<p>Asimismo, cit\u00f3 iniciativas estrat\u00e9gicas impulsadas por el Gobierno, como la Ley de Ordenamiento Territorial, que permitir\u00e1 planificar el uso del suelo con equilibrio entre producci\u00f3n agr\u00edcola y sostenibilidad ambiental, apunt\u00f3.<\/p>\n<p>Adem\u00e1s, el programa Hambre Cero, con la meta de declarar al pa\u00eds libre de ese flagelo al final de esta gesti\u00f3n (en 2028); y la Hoja de Balance de Alimentos, una herramienta clave para garantizar la seguridad alimentaria.<\/p>\n<p>Paliza plante\u00f3 ocho frentes de acci\u00f3n para alcanzar la meta: planificaci\u00f3n estrat\u00e9gica, di\u00e1logo p\u00fablico-privado, innovaci\u00f3n tecnol\u00f3gica, sanidad e inocuidad, infraestructura y log\u00edstica, facilitaci\u00f3n comercial, financiamiento y seguros, y formaci\u00f3n de capital humano.<\/p>\n<\/div>\n<\/div>\n<div class=\"elementor-element elementor-element-4f75016 elementor-widget elementor-widget-post-info\" data-id=\"4f75016\" data-element_type=\"widget\" data-widget_type=\"post-info.default\">\n<div class=\"elementor-widget-container\">\n<ul class=\"elementor-inline-items elementor-icon-list-items elementor-post-info\">\n<li class=\"elementor-icon-list-item elementor-repeater-item-17dda3e elementor-inline-item\"><em><span class=\"elementor-icon-list-text elementor-post-info__item elementor-post-info__item--type-custom\">#<a href=\"https:\/\/primermomento.com\/?p=450968\" rel=\"tag\">agricultura<\/a>\u00a0#<a href=\"https:\/\/primermomento.com\/?p=450968\" rel=\"tag\">exportaciones<\/a>\u00a0#<a href=\"https:\/\/primermomento.com\/?p=450968\" rel=\"tag\">ministro Paliza<\/a><\/span><\/em><\/li>\n<\/ul>\n<\/div>\n<\/div>\n","protected":false},"excerpt":{"rendered":"<p>Por Prensa Latina SANTO DOMINGO, Rep\u00fablica Dominicana.- El ministro de la Presidencia, Jos\u00e9 Ignacio Paliza, destac\u00f3 hoy el compromiso del Gobierno dominicano de duplicar las exportaciones agropecuarias y agroindustriales de aqu\u00ed al a\u00f1o 2036. Al intervenir en el XXVII Encuentro Nacional de L\u00edderes del Sector Agropecuario, organizado por la Junta Agroempresarial Dominicana en la ciudad [&hellip;]<\/p>\n","protected":false},"author":1,"featured_media":450969,"comment_status":"open","ping_status":"open","sticky":false,"template":"","format":"standard","meta":{"_bbp_topic_count":0,"_bbp_reply_count":0,"_bbp_total_topic_count":0,"_bbp_total_reply_count":0,"_bbp_voice_count":0,"_bbp_anonymous_reply_count":0,"_bbp_topic_count_hidden":0,"_bbp_reply_count_hidden":0,"_bbp_forum_subforum_count":0,"footnotes":""},"categories":[35],"tags":[],"class_list":{"0":"post-450968","1":"post","2":"type-post","3":"status-publish","4":"format-standard","5":"has-post-thumbnail","7":"category-economia"},"_links":{"self":[{"href":"https:\/\/primermomento.com\/index.php?rest_route=\/wp\/v2\/posts\/450968","targetHints":{"allow":["GET"]}}],"collection":[{"href":"https:\/\/primermomento.com\/index.php?rest_route=\/wp\/v2\/posts"}],"about":[{"href":"https:\/\/primermomento.com\/index.php?rest_route=\/wp\/v2\/types\/post"}],"author":[{"embeddable":true,"href":"https:\/\/primermomento.com\/index.php?rest_route=\/wp\/v2\/users\/1"}],"replies":[{"embeddable":true,"href":"https:\/\/primermomento.com\/index.php?rest_route=%2Fwp%2Fv2%2Fcomments&post=450968"}],"version-history":[{"count":1,"href":"https:\/\/primermomento.com\/index.php?rest_route=\/wp\/v2\/posts\/450968\/revisions"}],"predecessor-version":[{"id":450970,"href":"https:\/\/primermomento.com\/index.php?rest_route=\/wp\/v2\/posts\/450968\/revisions\/450970"}],"wp:featuredmedia":[{"embeddable":true,"href":"https:\/\/primermomento.com\/index.php?rest_route=\/wp\/v2\/media\/450969"}],"wp:attachment":[{"href":"https:\/\/primermomento.com\/index.php?rest_route=%2Fwp%2Fv2%2Fmedia&parent=450968"}],"wp:term":[{"taxonomy":"category","embeddable":true,"href":"https:\/\/primermomento.com\/index.php?rest_route=%2Fwp%2Fv2%2Fcategories&post=450968"},{"taxonomy":"post_tag","embeddable":true,"href":"https:\/\/primermomento.com\/index.php?rest_route=%2Fwp%2Fv2%2Ftags&post=450968"}],"curies":[{"name":"wp","href":"https:\/\/api.w.org\/{rel}","templated":true}]}}