{"id":451316,"date":"2025-09-11T11:35:00","date_gmt":"2025-09-11T15:35:00","guid":{"rendered":"https:\/\/primermomento.com\/?p=451316"},"modified":"2025-09-11T14:54:14","modified_gmt":"2025-09-11T18:54:14","slug":"alcaldia-de-bani-y-egehid-firman-acuerdo-para-la-construccion-de-un-parque-en-rio-arriba","status":"publish","type":"post","link":"https:\/\/primermomento.com\/?p=451316","title":{"rendered":"Alcald\u00eda de Ban\u00ed y EGEHID firman acuerdo para la construcci\u00f3n de un parque en R\u00edo Arriba"},"content":{"rendered":"<div class=\"youtube-embed\" data-video_id=\"\"><iframe loading=\"lazy\" title=\"Firma del acuerdo entre Alcald\u00eda de Bani EGEHID\" width=\"563\" height=\"1000\" src=\"https:\/\/www.youtube.com\/embed\/eFCm_N0AkjI?start=2&#038;feature=oembed\" frameborder=\"0\" allow=\"accelerometer; autoplay; clipboard-write; encrypted-media; gyroscope; picture-in-picture; web-share\" referrerpolicy=\"strict-origin-when-cross-origin\" allowfullscreen><\/iframe><\/div>\n<p><strong><em>Por <span style=\"color: #ff0000;\">Servicios de Primermomento.com<\/span><\/em><\/strong><\/p>\n<p>BAN\u00cd, Rep\u00fablica Dominicana.- La Alcald\u00eda de Ban\u00ed y la Empresa de Generaci\u00f3n Hidroel\u00e9ctrica Dominicana (EGEHID), firmaron ayer mi\u00e9rcoles, un acuerdo interinstitucional para la construcci\u00f3n de un parque en la secci\u00f3n de R\u00edo Arriba.<\/p>\n<p>El alcalde Santo Ram\u00edrez y el administrador de EGEHID, Rafael Salazar,\u00a0rubricaron el pacto, en el que EGEHID se comprometi\u00f3 en disponer la suma de 5 millones 100 mil pesos y la Alcald\u00eda cubrir\u00e1 el resto del presupuesto para la construcci\u00f3n de esa importante obra demandada por d\u00e9cadas por esa comunidad.<\/p>\n<p><img loading=\"lazy\" decoding=\"async\" class=\"size-medium wp-image-451317 alignleft\" src=\"https:\/\/primermomento.com\/wp-content\/uploads\/2025\/09\/Alcaldia-de-Bani-y-EGEHID-firman-acuerdo-300x200.jpg\" alt=\"\" width=\"300\" height=\"200\" srcset=\"https:\/\/primermomento.com\/wp-content\/uploads\/2025\/09\/Alcaldia-de-Bani-y-EGEHID-firman-acuerdo-300x200.jpg 300w, https:\/\/primermomento.com\/wp-content\/uploads\/2025\/09\/Alcaldia-de-Bani-y-EGEHID-firman-acuerdo-1024x682.jpg 1024w, https:\/\/primermomento.com\/wp-content\/uploads\/2025\/09\/Alcaldia-de-Bani-y-EGEHID-firman-acuerdo-768x511.jpg 768w, https:\/\/primermomento.com\/wp-content\/uploads\/2025\/09\/Alcaldia-de-Bani-y-EGEHID-firman-acuerdo-696x463.jpg 696w, https:\/\/primermomento.com\/wp-content\/uploads\/2025\/09\/Alcaldia-de-Bani-y-EGEHID-firman-acuerdo.jpg 1056w\" sizes=\"auto, (max-width: 300px) 100vw, 300px\" \/>El alcalde inform\u00f3 que ya se cuenta con los terrenos para el desarrollo de este importante proyecto comunitario.<\/p>\n<p>\u201cTengo que destacar que el ingeniero Salazar ha sido muy diligente en los temas de la provincia Peravia en sentido general, y su mano amiga ha llegado a todas las demarcaciones\u201d, expres\u00f3 el alcalde Ram\u00edrez.<\/p>\n<p>Tambi\u00e9n record\u00f3 que, anteriormente, el ingeniero Salazar brind\u00f3 su apoyo al suministrar una cantidad considerable de asfalto, que benefici\u00f3 de igual manera, las comunidades de R\u00edo Arriba, Peravia y Fundaci\u00f3n, gesto que agradeci\u00f3 p\u00fablicamente.<\/p>\n<p>De su lado, el administrador de EGEHID manifest\u00f3 su inter\u00e9s en que la obra sea ejecutada con calidad y en el menor tiempo posible.<\/p>\n<p>\u201cBueno, alcalde, entonces confiamos en el papel de ustedes y la estructura que tienen para el parque\u201d, afirm\u00f3 el funcionario.<\/p>\n<p>El alcalde Santo Ram\u00edrez manifest\u00f3 que seguir\u00e1 tocando puertas y gestionando fondos para la consecuci\u00f3n de obras y proyectos que impacten de forma positiva a todo el municipio de Ban\u00ed.<\/p>\n","protected":false},"excerpt":{"rendered":"<p>Por Servicios de Primermomento.com BAN\u00cd, Rep\u00fablica Dominicana.- La Alcald\u00eda de Ban\u00ed y la Empresa de Generaci\u00f3n Hidroel\u00e9ctrica Dominicana (EGEHID), firmaron ayer mi\u00e9rcoles, un acuerdo interinstitucional para la construcci\u00f3n de un parque en la secci\u00f3n de R\u00edo Arriba. El alcalde Santo Ram\u00edrez y el administrador de EGEHID, Rafael Salazar,\u00a0rubricaron el pacto, en el que EGEHID se [&hellip;]<\/p>\n","protected":false},"author":1,"featured_media":451317,"comment_status":"open","ping_status":"open","sticky":false,"template":"","format":"video","meta":{"_bbp_topic_count":0,"_bbp_reply_count":0,"_bbp_total_topic_count":0,"_bbp_total_reply_count":0,"_bbp_voice_count":0,"_bbp_anonymous_reply_count":0,"_bbp_topic_count_hidden":0,"_bbp_reply_count_hidden":0,"_bbp_forum_subforum_count":0,"footnotes":""},"categories":[32,106],"tags":[],"class_list":["post-451316","post","type-post","status-publish","format-video","has-post-thumbnail","category-lo-ultimo","category-video-news","post_format-post-format-video"],"_links":{"self":[{"href":"https:\/\/primermomento.com\/index.php?rest_route=\/wp\/v2\/posts\/451316","targetHints":{"allow":["GET"]}}],"collection":[{"href":"https:\/\/primermomento.com\/index.php?rest_route=\/wp\/v2\/posts"}],"about":[{"href":"https:\/\/primermomento.com\/index.php?rest_route=\/wp\/v2\/types\/post"}],"author":[{"embeddable":true,"href":"https:\/\/primermomento.com\/index.php?rest_route=\/wp\/v2\/users\/1"}],"replies":[{"embeddable":true,"href":"https:\/\/primermomento.com\/index.php?rest_route=%2Fwp%2Fv2%2Fcomments&post=451316"}],"version-history":[{"count":5,"href":"https:\/\/primermomento.com\/index.php?rest_route=\/wp\/v2\/posts\/451316\/revisions"}],"predecessor-version":[{"id":451326,"href":"https:\/\/primermomento.com\/index.php?rest_route=\/wp\/v2\/posts\/451316\/revisions\/451326"}],"wp:featuredmedia":[{"embeddable":true,"href":"https:\/\/primermomento.com\/index.php?rest_route=\/wp\/v2\/media\/451317"}],"wp:attachment":[{"href":"https:\/\/primermomento.com\/index.php?rest_route=%2Fwp%2Fv2%2Fmedia&parent=451316"}],"wp:term":[{"taxonomy":"category","embeddable":true,"href":"https:\/\/primermomento.com\/index.php?rest_route=%2Fwp%2Fv2%2Fcategories&post=451316"},{"taxonomy":"post_tag","embeddable":true,"href":"https:\/\/primermomento.com\/index.php?rest_route=%2Fwp%2Fv2%2Ftags&post=451316"}],"curies":[{"name":"wp","href":"https:\/\/api.w.org\/{rel}","templated":true}]}}