{"id":451337,"date":"2025-09-11T06:33:05","date_gmt":"2025-09-11T10:33:05","guid":{"rendered":"https:\/\/primermomento.com\/?p=451337"},"modified":"2025-09-11T13:44:17","modified_gmt":"2025-09-11T17:44:17","slug":"partido-comunista-del-trabajo-critica-decreto-sobre-venezuela","status":"publish","type":"post","link":"https:\/\/primermomento.com\/?p=451337","title":{"rendered":"Partido Comunista del Trabajo critica decreto sobre Venezuela"},"content":{"rendered":"<p><strong><em>Por<span style=\"color: #ff0000;\"> Prensa Latina<\/span><\/em><\/strong><\/p>\n<p>SANTO DOMINGO, Rep\u00fablica Dominicana.- El Partido Comunista del Trabajo (PCT) de Rep\u00fablica Dominicana expres\u00f3 hoy preocupaci\u00f3n por la promulgaci\u00f3n del Decreto 500-25, mediante el cual el presidente Luis Abinader vincula al denominado C\u00e1rtel de los Soles con el Gobierno de Venezuela.<\/p>\n<div class=\"elementor-element elementor-element-0aea3a0 elementor-widget elementor-widget-theme-post-content\" data-id=\"0aea3a0\" data-element_type=\"widget\" data-widget_type=\"theme-post-content.default\">\n<div class=\"elementor-widget-container\">\n<p>La organizaci\u00f3n pol\u00edtica que dirige Manuel Salazar calific\u00f3 la medida como una muestra de \u00absumisi\u00f3n\u00bb a los intereses de Estados Unidos, y en particular a las pol\u00edticas impulsadas por el mandatario Donald Trump.<\/p>\n<p>En un comunicado, el PCT exhort\u00f3 a Abinader a concentrar sus esfuerzos en los problemas internos que afectan a la Rep\u00fablica Dominicana en lugar de \u201cconvertirse en instrumento de agendas externas\u201d.<\/p>\n<p>Se\u00f1al\u00f3 que, hasta el momento, no existen pruebas que demuestren que el C\u00e1rtel de los Soles represente una amenaza directa para el pa\u00eds.<\/p>\n<p>\u201cInstamos a priorizar la realidad social y econ\u00f3mica de nuestro pueblo y a rechazar toda forma de sumisi\u00f3n y entreguismo a los dictados de los Estados Unidos, que hist\u00f3ricamente solo han mirado a la Rep\u00fablica Dominicana en la medida en que sirve a sus propios intereses\u201d, afirm\u00f3 el PCT.<\/p>\n<p>El 2 de septiembre \u00faltimo el Gobierno dominicano declar\u00f3 al denominado Cartel de los Soles como organizaci\u00f3n terrorista, una medida similar a la adoptada por Washington para justificar la presencia de buques de guerra en el Caribe, pr\u00f3ximo a Venezuela.<\/p>\n<p>Mediante el Decreto Ejecutivo 500-25, Abinader instruy\u00f3 a los organismos de inteligencia y seguridad del Estado adoptar las medidas apropiadas a fin de prevenir las incursiones de este grupo en el territorio nacional, o en contra de intereses dominicanos en el exterior.<\/p>\n<p>Un comunicado de la Presidencia refiere que la decisi\u00f3n obedece a que la Constituci\u00f3n establece como objetivo de alta prioridad \u201cel combate de las actividades criminales transnacionales que pongan en peligro los intereses del pa\u00eds\u201d.<\/p>\n<p>En julio pasado, el Gobierno de Trump vincul\u00f3 al supuesto Cartel de los Soles con el narcotr\u00e1fico y lo relacion\u00f3 de forma directa al Gobierno de Venezuela.<\/p>\n<p>El presidente constitucional de la naci\u00f3n sudamericana, Nicol\u00e1s Maduro, se\u00f1al\u00f3 que el despliegue de embarcaciones y misiles de Estados Unidos en el Caribe, bajo la falsa narrativa de la lucha contra el narcotr\u00e1fico, atenta contra la paz y la seguridad de la regi\u00f3n.<\/p>\n<\/div>\n<\/div>\n<div class=\"elementor-element elementor-element-4f75016 elementor-widget elementor-widget-post-info\" data-id=\"4f75016\" data-element_type=\"widget\" data-widget_type=\"post-info.default\">\n<div class=\"elementor-widget-container\">\n<ul class=\"elementor-inline-items elementor-icon-list-items elementor-post-info\">\n<li class=\"elementor-icon-list-item elementor-repeater-item-17dda3e elementor-inline-item\"><em><span class=\"elementor-icon-list-text elementor-post-info__item elementor-post-info__item--type-custom\">#<a href=\"https:\/\/primermomento.com\/?p=451337\" rel=\"tag\">eeuu<\/a>\u00a0#<a href=\"https:\/\/primermomento.com\/?p=451337\" rel=\"tag\">Venezuela<\/a><\/span><\/em><\/li>\n<\/ul>\n<\/div>\n<\/div>\n","protected":false},"excerpt":{"rendered":"<p>Por Prensa Latina SANTO DOMINGO, Rep\u00fablica Dominicana.- El Partido Comunista del Trabajo (PCT) de Rep\u00fablica Dominicana expres\u00f3 hoy preocupaci\u00f3n por la promulgaci\u00f3n del Decreto 500-25, mediante el cual el presidente Luis Abinader vincula al denominado C\u00e1rtel de los Soles con el Gobierno de Venezuela. La organizaci\u00f3n pol\u00edtica que dirige Manuel Salazar calific\u00f3 la medida como [&hellip;]<\/p>\n","protected":false},"author":1,"featured_media":426471,"comment_status":"open","ping_status":"open","sticky":false,"template":"","format":"standard","meta":{"_bbp_topic_count":0,"_bbp_reply_count":0,"_bbp_total_topic_count":0,"_bbp_total_reply_count":0,"_bbp_voice_count":0,"_bbp_anonymous_reply_count":0,"_bbp_topic_count_hidden":0,"_bbp_reply_count_hidden":0,"_bbp_forum_subforum_count":0,"footnotes":""},"categories":[31],"tags":[],"class_list":{"0":"post-451337","1":"post","2":"type-post","3":"status-publish","4":"format-standard","5":"has-post-thumbnail","7":"category-estados-unidos"},"_links":{"self":[{"href":"https:\/\/primermomento.com\/index.php?rest_route=\/wp\/v2\/posts\/451337","targetHints":{"allow":["GET"]}}],"collection":[{"href":"https:\/\/primermomento.com\/index.php?rest_route=\/wp\/v2\/posts"}],"about":[{"href":"https:\/\/primermomento.com\/index.php?rest_route=\/wp\/v2\/types\/post"}],"author":[{"embeddable":true,"href":"https:\/\/primermomento.com\/index.php?rest_route=\/wp\/v2\/users\/1"}],"replies":[{"embeddable":true,"href":"https:\/\/primermomento.com\/index.php?rest_route=%2Fwp%2Fv2%2Fcomments&post=451337"}],"version-history":[{"count":1,"href":"https:\/\/primermomento.com\/index.php?rest_route=\/wp\/v2\/posts\/451337\/revisions"}],"predecessor-version":[{"id":451338,"href":"https:\/\/primermomento.com\/index.php?rest_route=\/wp\/v2\/posts\/451337\/revisions\/451338"}],"wp:featuredmedia":[{"embeddable":true,"href":"https:\/\/primermomento.com\/index.php?rest_route=\/wp\/v2\/media\/426471"}],"wp:attachment":[{"href":"https:\/\/primermomento.com\/index.php?rest_route=%2Fwp%2Fv2%2Fmedia&parent=451337"}],"wp:term":[{"taxonomy":"category","embeddable":true,"href":"https:\/\/primermomento.com\/index.php?rest_route=%2Fwp%2Fv2%2Fcategories&post=451337"},{"taxonomy":"post_tag","embeddable":true,"href":"https:\/\/primermomento.com\/index.php?rest_route=%2Fwp%2Fv2%2Ftags&post=451337"}],"curies":[{"name":"wp","href":"https:\/\/api.w.org\/{rel}","templated":true}]}}