{"id":451423,"date":"2025-09-12T11:11:11","date_gmt":"2025-09-12T15:11:11","guid":{"rendered":"https:\/\/primermomento.com\/?p=451423"},"modified":"2025-09-12T18:58:20","modified_gmt":"2025-09-12T22:58:20","slug":"presidente-abinader-declara-de-alta-prioridad-recuperacion-de-rios","status":"publish","type":"post","link":"https:\/\/primermomento.com\/?p=451423","title":{"rendered":"Presidente Abinader declara de alta prioridad recuperaci\u00f3n de r\u00edos"},"content":{"rendered":"<p><strong><em>Por <span style=\"color: #ff0000;\">Prensa Latina<\/span><\/em><\/strong><\/p>\n<p>SANTO DOMINGO, Rep\u00fablica Dominicana.- El mandatario dominicano, Luis Abinader, declar\u00f3 de alta prioridad para el Gobierno la intervenci\u00f3n y recuperaci\u00f3n de los r\u00edos Ozama e Isabela, en el Gran Santo Domingo, inform\u00f3 hoy la Presidencia en un comunicado.<\/p>\n<div class=\"elementor-element elementor-element-0aea3a0 elementor-widget elementor-widget-theme-post-content\" data-id=\"0aea3a0\" data-element_type=\"widget\" data-widget_type=\"theme-post-content.default\">\n<div class=\"elementor-widget-container\">\n<p>Precis\u00f3 que el objetivo es impulsar la regeneraci\u00f3n f\u00edsica, urbana y ambiental de las riberas, actualmente ocupadas por asentamientos humanos.<\/p>\n<p>El referido decreto designa a la Unidad Ejecutora para la Readecuaci\u00f3n de Barrios y Entornos (Urbe) como responsable de ejecutar los trabajos, que incluyen remozamiento, construcci\u00f3n y adecuaci\u00f3n de infraestructuras y v\u00edas.<\/p>\n<p>Urbe tambi\u00e9n deber\u00e1 garantizar procesos de socializaci\u00f3n con las comunidades, promover la participaci\u00f3n ciudadana, proteger los derechos de los residentes y gestionar su reubicaci\u00f3n en los casos necesarios, fomentando un desarrollo sostenible y equitativo.<\/p>\n<p>En tanto, el Ministerio de Medio Ambiente y Recursos Naturales tendr\u00e1 a su cargo la responsabilidad t\u00e9cnica y ambiental del proyecto.<\/p>\n<p>Esta instituci\u00f3n velar\u00e1 por la evaluaci\u00f3n y supervisi\u00f3n de las actividades, asegurando el cumplimiento de los est\u00e1ndares nacionales e internacionales de protecci\u00f3n ambiental y manejo sostenible de los recursos naturales.<\/p>\n<p>De igual forma, el Ministerio deber\u00e1 implementar medidas de conservaci\u00f3n orientadas a preservar la biodiversidad y los ecosistemas acu\u00e1ticos, forestales y ribere\u00f1os vinculados a los r\u00edos Ozama e Isabela.<\/p>\n<p>El Ozama es un r\u00edo que nace en la Loma Siete Cabezas, en la Sierra de Yamas\u00e1. Debido a su profundidad es considerado el cuarto m\u00e1s importante del pa\u00eds.<\/p>\n<p>El r\u00edo Isabela es uno de los m\u00e1s importantes del \u00e1rea metropolitana de Santo Domingo. Su cauce es vital para el desarrollo urbano e industrial de la capital, aunque en la actualidad enfrenta serios desaf\u00edos relacionados con la contaminaci\u00f3n y el uso desordenado de su entorno.<\/p>\n<\/div>\n<\/div>\n<div class=\"elementor-element elementor-element-4f75016 elementor-widget elementor-widget-post-info\" data-id=\"4f75016\" data-element_type=\"widget\" data-widget_type=\"post-info.default\">\n<div class=\"elementor-widget-container\">\n<ul class=\"elementor-inline-items elementor-icon-list-items elementor-post-info\">\n<li class=\"elementor-icon-list-item elementor-repeater-item-17dda3e elementor-inline-item\"><em><span class=\"elementor-icon-list-text elementor-post-info__item elementor-post-info__item--type-custom\">#<a href=\"https:\/\/primermomento.com\/?p=451423\" rel=\"tag\">Ozama<\/a>\u00a0#<a href=\"https:\/\/primermomento.com\/?p=451423\" rel=\"tag\">r\u00edo Isabela<\/a><\/span><\/em><\/li>\n<\/ul>\n<\/div>\n<\/div>\n","protected":false},"excerpt":{"rendered":"<p>Por Prensa Latina SANTO DOMINGO, Rep\u00fablica Dominicana.- El mandatario dominicano, Luis Abinader, declar\u00f3 de alta prioridad para el Gobierno la intervenci\u00f3n y recuperaci\u00f3n de los r\u00edos Ozama e Isabela, en el Gran Santo Domingo, inform\u00f3 hoy la Presidencia en un comunicado. Precis\u00f3 que el objetivo es impulsar la regeneraci\u00f3n f\u00edsica, urbana y ambiental de las [&hellip;]<\/p>\n","protected":false},"author":1,"featured_media":451424,"comment_status":"open","ping_status":"open","sticky":false,"template":"","format":"standard","meta":{"_bbp_topic_count":0,"_bbp_reply_count":0,"_bbp_total_topic_count":0,"_bbp_total_reply_count":0,"_bbp_voice_count":0,"_bbp_anonymous_reply_count":0,"_bbp_topic_count_hidden":0,"_bbp_reply_count_hidden":0,"_bbp_forum_subforum_count":0,"footnotes":""},"categories":[37],"tags":[],"class_list":{"0":"post-451423","1":"post","2":"type-post","3":"status-publish","4":"format-standard","5":"has-post-thumbnail","7":"category-ciencia-tecnologia"},"_links":{"self":[{"href":"https:\/\/primermomento.com\/index.php?rest_route=\/wp\/v2\/posts\/451423","targetHints":{"allow":["GET"]}}],"collection":[{"href":"https:\/\/primermomento.com\/index.php?rest_route=\/wp\/v2\/posts"}],"about":[{"href":"https:\/\/primermomento.com\/index.php?rest_route=\/wp\/v2\/types\/post"}],"author":[{"embeddable":true,"href":"https:\/\/primermomento.com\/index.php?rest_route=\/wp\/v2\/users\/1"}],"replies":[{"embeddable":true,"href":"https:\/\/primermomento.com\/index.php?rest_route=%2Fwp%2Fv2%2Fcomments&post=451423"}],"version-history":[{"count":1,"href":"https:\/\/primermomento.com\/index.php?rest_route=\/wp\/v2\/posts\/451423\/revisions"}],"predecessor-version":[{"id":451425,"href":"https:\/\/primermomento.com\/index.php?rest_route=\/wp\/v2\/posts\/451423\/revisions\/451425"}],"wp:featuredmedia":[{"embeddable":true,"href":"https:\/\/primermomento.com\/index.php?rest_route=\/wp\/v2\/media\/451424"}],"wp:attachment":[{"href":"https:\/\/primermomento.com\/index.php?rest_route=%2Fwp%2Fv2%2Fmedia&parent=451423"}],"wp:term":[{"taxonomy":"category","embeddable":true,"href":"https:\/\/primermomento.com\/index.php?rest_route=%2Fwp%2Fv2%2Fcategories&post=451423"},{"taxonomy":"post_tag","embeddable":true,"href":"https:\/\/primermomento.com\/index.php?rest_route=%2Fwp%2Fv2%2Ftags&post=451423"}],"curies":[{"name":"wp","href":"https:\/\/api.w.org\/{rel}","templated":true}]}}