{"id":451614,"date":"2025-09-15T08:03:33","date_gmt":"2025-09-15T12:03:33","guid":{"rendered":"https:\/\/primermomento.com\/?p=451614"},"modified":"2025-09-15T14:49:43","modified_gmt":"2025-09-15T18:49:43","slug":"copymecon-reitera-sector-electrico-es-barril-sin-fondo-a-merced-de-la-improvisacion","status":"publish","type":"post","link":"https:\/\/primermomento.com\/?p=451614","title":{"rendered":"COPYMECON reitera sector el\u00e9ctrico es barril sin fondo a merced de la improvisaci\u00f3n"},"content":{"rendered":"<div><strong><em>Por <span style=\"color: #ff0000;\">Servicios de Primermomento.com<\/span><\/em><\/strong><\/div>\n<div><\/div>\n<div>SANTO DOMINGO, Rep\u00fablica Dominicana.- La Confederaci\u00f3n Dominicana de la Micro, Peque\u00f1as y Medianas Empresas de la Construcci\u00f3n Inc., (COPYMECON), expres\u00f3 que desde septiembre del 2020 a junio del presente a\u00f1o, el Gobierno ha destinado alrededor de RD$350,000.0 millones sin que este sector exhibiera ninguna mejor\u00eda en sus indicadores financieros y menos en reducir p\u00e9rdidas en las empresas distribuidoras de electricidad (EDE).<\/div>\n<div><\/div>\n<div>Si vemos los montos destinados durante diferentes periodos desde el a\u00f1o 2020, nos daremos cuenta que la raz\u00f3n para declarar estado de emergencia no se corresponde con la realidad, lo que detallamos a continuaci\u00f3n: RD$9,230.7 millones corresponden al periodo agosto-diciembre del 2020, RD$38,109 millones al a\u00f1o 2021, RD$79,529.4 millones al 2022, RD$75,283.2 millones al 2023, RD$100,700.1 millones a 2024 y RD$42,003.1 en el primer semestre de este a\u00f1o, lo que deja bien clara nuestra preocupaci\u00f3n ante el anuncio del presidente Luis Abinader.<\/div>\n<div><\/div>\n<div>\u201cEl Manual General de Procedimientos de Contrataci\u00f3n por Excepci\u00f3n, establece la ocasi\u00f3n en que se puede aplicar la contrataci\u00f3n por emergencia nacional, para resolver un problema real, evidente y concreto, que realmente exista y afecte al Estado y al inter\u00e9s general. Por tanto, la adquisici\u00f3n del bien o la contrataci\u00f3n del servicio u obra debe estar limitada a lo estrictamente necesario para prevenir desastres mayores, exclusivamente necesario a consecuencia del hecho que causa la emergencia\u201d expresaron ejecutivos de COPYMECON.<\/div>\n<div><\/div>\n<div>Se\u00f1alaron que los tediosos apagones afectan a todos los sectores productivos de la naci\u00f3n y lo peor la salud de todos, provocando momentos amargos y hasta p\u00e9rdidas de vidas a consecuencia de los mismos, por lo que piden al presidente de la Rep\u00fablica designar funcionarios competentes en ese importante sector, que tiene en vilo a la poblaci\u00f3n y retranca el desarrollo de los sectores productivos.<\/div>\n<div><\/div>\n<div>Enfatizaron, que si bien reconocen la urgencia de buscar soluciones a la crisis energ\u00e9tica, tambi\u00e9n advierten, que si no se realizan procesos transparentes, cre\u00edbles y acorde con la Ley de Compras y Contrataciones, esto puede socavar y agravar los principios de transparencia y equidad, favoreciendo pr\u00e1cticas excluyentes y seguir enriqueciendo a otros sectores.<\/div>\n<div><\/div>\n<div>\u201cEl sector el\u00e9ctrico ha sido hist\u00f3ricamente objeto de cuestionamientos por parte de la poblaci\u00f3n y organismos de control y medios de comunicaci\u00f3n, debido a las tantas irregularidades en compras y contrataciones, por lo que, ese historial resulta a\u00fan m\u00e1s preocupante para que se establezcan mecanismos de excepci\u00f3n que reduzcan los controles, abriendo espacio a privilegios indebidos, sobrevaluaciones y adjudicaciones sin competencia real\u201d, agregaron los peque\u00f1os constructores.<\/div>\n<div><\/div>\n<div>Aseguraron, que el problema del sector el\u00e9ctrico es el resultado de la falta de planificaci\u00f3n, de una real voluntad pol\u00edtica del Estado y la improvisaci\u00f3n del gobierno, que adem\u00e1s, ha motivado gastos desproporcionados para el sostenimiento de un barril sin fondo, que sin contar los gastos de gobiernos anteriores, ya se han gastado m\u00e1s de RD$500,000 millones en un sector que cada d\u00eda est\u00e1 m\u00e1s oscuro. Con p\u00e9rdidas acumuladas por las EDE de m\u00e1s 40.4% del total de la energ\u00eda comprada, que fue de 6,126.2 gigavatios hora (GWh), de la cual no facturaron 2,252 GWh, para una p\u00e9rdidas del 36.8% del total adquirido y un 3.6% facturada y no cobrada.<\/div>\n","protected":false},"excerpt":{"rendered":"<p>Por Servicios de Primermomento.com SANTO DOMINGO, Rep\u00fablica Dominicana.- La Confederaci\u00f3n Dominicana de la Micro, Peque\u00f1as y Medianas Empresas de la Construcci\u00f3n Inc., (COPYMECON), expres\u00f3 que desde septiembre del 2020 a junio del presente a\u00f1o, el Gobierno ha destinado alrededor de RD$350,000.0 millones sin que este sector exhibiera ninguna mejor\u00eda en sus indicadores financieros y menos [&hellip;]<\/p>\n","protected":false},"author":1,"featured_media":443129,"comment_status":"open","ping_status":"open","sticky":false,"template":"","format":"standard","meta":{"_bbp_topic_count":0,"_bbp_reply_count":0,"_bbp_total_topic_count":0,"_bbp_total_reply_count":0,"_bbp_voice_count":0,"_bbp_anonymous_reply_count":0,"_bbp_topic_count_hidden":0,"_bbp_reply_count_hidden":0,"_bbp_forum_subforum_count":0,"footnotes":""},"categories":[35],"tags":[],"class_list":{"0":"post-451614","1":"post","2":"type-post","3":"status-publish","4":"format-standard","5":"has-post-thumbnail","7":"category-economia"},"_links":{"self":[{"href":"https:\/\/primermomento.com\/index.php?rest_route=\/wp\/v2\/posts\/451614","targetHints":{"allow":["GET"]}}],"collection":[{"href":"https:\/\/primermomento.com\/index.php?rest_route=\/wp\/v2\/posts"}],"about":[{"href":"https:\/\/primermomento.com\/index.php?rest_route=\/wp\/v2\/types\/post"}],"author":[{"embeddable":true,"href":"https:\/\/primermomento.com\/index.php?rest_route=\/wp\/v2\/users\/1"}],"replies":[{"embeddable":true,"href":"https:\/\/primermomento.com\/index.php?rest_route=%2Fwp%2Fv2%2Fcomments&post=451614"}],"version-history":[{"count":1,"href":"https:\/\/primermomento.com\/index.php?rest_route=\/wp\/v2\/posts\/451614\/revisions"}],"predecessor-version":[{"id":451615,"href":"https:\/\/primermomento.com\/index.php?rest_route=\/wp\/v2\/posts\/451614\/revisions\/451615"}],"wp:featuredmedia":[{"embeddable":true,"href":"https:\/\/primermomento.com\/index.php?rest_route=\/wp\/v2\/media\/443129"}],"wp:attachment":[{"href":"https:\/\/primermomento.com\/index.php?rest_route=%2Fwp%2Fv2%2Fmedia&parent=451614"}],"wp:term":[{"taxonomy":"category","embeddable":true,"href":"https:\/\/primermomento.com\/index.php?rest_route=%2Fwp%2Fv2%2Fcategories&post=451614"},{"taxonomy":"post_tag","embeddable":true,"href":"https:\/\/primermomento.com\/index.php?rest_route=%2Fwp%2Fv2%2Ftags&post=451614"}],"curies":[{"name":"wp","href":"https:\/\/api.w.org\/{rel}","templated":true}]}}