{"id":451629,"date":"2025-09-15T06:00:13","date_gmt":"2025-09-15T10:00:13","guid":{"rendered":"https:\/\/primermomento.com\/?p=451629"},"modified":"2025-09-15T17:16:21","modified_gmt":"2025-09-15T21:16:21","slug":"coi-recuerda-legado-de-juegos-olimpicos-de-sidney-2000","status":"publish","type":"post","link":"https:\/\/primermomento.com\/?p=451629","title":{"rendered":"COI recuerda legado de Juegos Ol\u00edmpicos de S\u00eddney 2000"},"content":{"rendered":"<p><em><strong>Por <span style=\"color: #ff0000;\">Prensa Latina<\/span><\/strong><\/em><\/p>\n<p>Lausanne, SUIZA.- El Comit\u00e9 Ol\u00edmpico Internacional (COI) record\u00f3 hoy el legado deportivo de los Juegos de S\u00eddney 2000, justo en el aniversario 25 de la apertura de la cita de Australia.<\/p>\n<div class=\"elementor-element elementor-element-ee759ba e-con-full e-flex e-con e-child\" data-id=\"ee759ba\" data-element_type=\"container\">\n<div class=\"elementor-element elementor-element-0aea3a0 elementor-widget elementor-widget-theme-post-content\" data-id=\"0aea3a0\" data-element_type=\"widget\" data-widget_type=\"theme-post-content.default\">\n<div class=\"elementor-widget-container\">\n<p>Al celebrar la fecha, el ente rector destac\u00f3 que las sedes de S\u00eddney siguen albergando eventos mundiales, los espacios verdes enriquecen la vida cotidiana y las tradiciones perduran rumbo a la preparaci\u00f3n de Australia para Brisbane 2032.<\/p>\n<p>En palabras del director de Impacto y Legado de los Juegos Ol\u00edmpicos del COI, Arram Kim, S\u00eddney 2000 infundi\u00f3 en los australianos un sentimiento de unidad que trascendi\u00f3 el \u00e1mbito deportivo, al compartir algo que a\u00fan se recuerda con orgullo.<\/p>\n<p>La victoria de la atleta ind\u00edgena australiana Cathy Freeman en los 400 metros ante un estadio lleno sigue siendo la imagen que define la cita bajo los cinco aros de S\u00eddney, resalt\u00f3 el sitio web del COI.<\/p>\n<p>Otros recuerdos imborrables de la magna justa incluyen al nadador local Ian Thorpe (17 a\u00f1os), due\u00f1os de tres cetros dorados y dos subt\u00edtulos, y el cierre del velocista Michael Johnson, que sell\u00f3 su carrera ol\u00edmpica con la defensa de su corona en los 400 metros.<\/p>\n<p>A nivel competitivo, Estados Unidos lider\u00f3 el evento con 37 preseas de oro, 24 de plata y 32 de bronce, por delante de Rusia (32-28-29), China (28-16-14), Australia (16-25-17) y Alemania (13-17-26), que ocuparon en ese orden el top cinco.<\/p>\n<p>Por Latinoam\u00e9rica, Cuba result\u00f3 lo m\u00e1s destacado en la novena posici\u00f3n con 11 t\u00edtulos, 11 medallas de plata y siete de bronce, con actuaciones destacadas como el tercer cetro consecutivo de la selecci\u00f3n femenina de voleibol y del boxeador F\u00e9lix Sav\u00f3n.<\/p>\n<p>Fuera del \u00e1mbito deportivo, el Parque Ol\u00edmpico transform\u00f3 terrenos antes contaminados de la bah\u00eda de Homebush en un distrito de humedales, viviendas y parques, donde miles de personas se re\u00fanen a diario para practicar deporte, estudiar y disfrutar del ocio.<\/p>\n<p>Sus sedes siguen albergando f\u00fatbol, rugby, cr\u00edquet y conciertos, mientras los Centros Acu\u00e1ticos y de Atletismo equilibran la competici\u00f3n internacional con el uso comunitario.<\/p>\n<p>En Penrith, el Centro de Regatas y el Estadio de Aguas Bravas, construidos para pirag\u00fcismo y remo en el a\u00f1o 2000, contin\u00faan lugares fijos del calendario mundial<\/p>\n<p>De acuerdo con el informe, el 25 aniversario se conmemora con actividades escolares y comunitarias; en tanto, la Antorcha Ol\u00edmpica de S\u00eddney 2000 recorre parte de la ruta original de relevos para acercar la historia de los Juegos a una nueva generaci\u00f3n camino a Brisbane 2032.<\/p>\n<\/div>\n<\/div>\n<div class=\"elementor-element elementor-element-4f75016 elementor-widget elementor-widget-post-info\" data-id=\"4f75016\" data-element_type=\"widget\" data-widget_type=\"post-info.default\">\n<div class=\"elementor-widget-container\">\n<ul class=\"elementor-inline-items elementor-icon-list-items elementor-post-info\">\n<li class=\"elementor-icon-list-item elementor-repeater-item-17dda3e elementor-inline-item\"><em><span class=\"elementor-icon-list-text elementor-post-info__item elementor-post-info__item--type-custom\">#<a href=\"https:\/\/www.prensa-latina.cu\/etiqueta\/cathy-freeman\/\" rel=\"tag\">Cathy Freeman<\/a>\u00a0#<a href=\"https:\/\/primermomento.com\/?p=451629\" rel=\"tag\">COI<\/a>\u00a0#<a href=\"https:\/\/primermomento.com\/?p=451629\" rel=\"tag\">cuba<\/a>\u00a0#<a href=\"https:\/\/primermomento.com\/?p=451629\" rel=\"tag\">Ian Thorpe<\/a>\u00a0#<a href=\"https:\/\/www.prensa-latina.cu\/etiqueta\/legado\/\" rel=\"tag\">legado<\/a>\u00a0#<a href=\"https:\/\/primermomento.com\/?p=451629\" rel=\"tag\">Michel Johnson<\/a>\u00a0#<a href=\"https:\/\/primermomento.com\/?p=451629\" rel=\"tag\">S\u00eddney 2000<\/a><\/span><\/em><\/li>\n<\/ul>\n<\/div>\n<\/div>\n<\/div>\n<div class=\"elementor-element elementor-element-a9b470a e-con-full e-flex e-con e-child\" data-id=\"a9b470a\" data-element_type=\"container\">\n<div class=\"elementor-element elementor-element-664d6f0 elementor-widget-divider--view-line_text elementor-widget-divider--element-align-center elementor-widget elementor-widget-divider\" data-id=\"664d6f0\" data-element_type=\"widget\" data-widget_type=\"divider.default\">\n<div class=\"elementor-widget-container\"><\/div>\n<\/div>\n<div class=\"elementor-element elementor-element-5850f7e elementor-grid-1 elementor-grid-tablet-2 elementor-grid-mobile-1 elementor-widget elementor-widget-loop-grid\" data-id=\"5850f7e\" data-element_type=\"widget\" data-settings=\"{&quot;template_id&quot;:&quot;694260&quot;,&quot;columns&quot;:1,&quot;_skin&quot;:&quot;post&quot;,&quot;columns_tablet&quot;:&quot;2&quot;,&quot;columns_mobile&quot;:&quot;1&quot;,&quot;edit_handle_selector&quot;:&quot;[data-elementor-type=\\&quot;loop-item\\&quot;]&quot;,&quot;row_gap&quot;:{&quot;unit&quot;:&quot;px&quot;,&quot;size&quot;:&quot;&quot;,&quot;sizes&quot;:[]},&quot;row_gap_tablet&quot;:{&quot;unit&quot;:&quot;px&quot;,&quot;size&quot;:&quot;&quot;,&quot;sizes&quot;:[]},&quot;row_gap_mobile&quot;:{&quot;unit&quot;:&quot;px&quot;,&quot;size&quot;:&quot;&quot;,&quot;sizes&quot;:[]}}\" data-widget_type=\"loop-grid.post\">\n<div class=\"elementor-widget-container\">\n<div class=\"elementor-loop-container elementor-grid\" role=\"list\">\n<div class=\"elementor elementor-694260 e-loop-item e-loop-item-1631413 post-1631413 post type-post status-publish format-standard has-post-thumbnail hentry category-cultura category-nota-informativa category-repositorio tag-biblioteca-naciona tag-cuba ruta-geografica-cuba\" data-elementor-type=\"loop-item\" data-elementor-id=\"694260\" data-elementor-post-type=\"elementor_library\" data-custom-edit-handle=\"1\">\n<div class=\"elementor-element elementor-element-64c45ba8 e-flex e-con-boxed e-con e-parent e-lazyloaded\" data-id=\"64c45ba8\" data-element_type=\"container\">\n<div class=\"e-con-inner\">\n<div class=\"elementor-element elementor-element-62384e4a elementor-widget elementor-widget-post-info\" data-id=\"62384e4a\" data-element_type=\"widget\" data-widget_type=\"post-info.default\">\n<div class=\"elementor-widget-container\"><\/div>\n<\/div>\n<\/div>\n<\/div>\n<\/div>\n<div class=\"elementor elementor-694260 e-loop-item e-loop-item-1631384 post-1631384 post type-post status-publish format-standard has-post-thumbnail hentry category-nota-informativa tag-angola tag-cuba tag-relaciones tag-salud ruta-geografica-africa-medio-oriente ruta-geografica-cuba\" data-elementor-type=\"loop-item\" data-elementor-id=\"694260\" data-elementor-post-type=\"elementor_library\" data-custom-edit-handle=\"1\">\n<div class=\"elementor-element elementor-element-64c45ba8 e-flex e-con-boxed e-con e-parent e-lazyloaded\" data-id=\"64c45ba8\" data-element_type=\"container\">\n<div class=\"e-con-inner\"><\/div>\n<\/div>\n<\/div>\n<\/div>\n<\/div>\n<\/div>\n<\/div>\n","protected":false},"excerpt":{"rendered":"<p>Por Prensa Latina Lausanne, SUIZA.- El Comit\u00e9 Ol\u00edmpico Internacional (COI) record\u00f3 hoy el legado deportivo de los Juegos de S\u00eddney 2000, justo en el aniversario 25 de la apertura de la cita de Australia. Al celebrar la fecha, el ente rector destac\u00f3 que las sedes de S\u00eddney siguen albergando eventos mundiales, los espacios verdes enriquecen [&hellip;]<\/p>\n","protected":false},"author":1,"featured_media":379383,"comment_status":"open","ping_status":"open","sticky":false,"template":"","format":"standard","meta":{"_bbp_topic_count":0,"_bbp_reply_count":0,"_bbp_total_topic_count":0,"_bbp_total_reply_count":0,"_bbp_voice_count":0,"_bbp_anonymous_reply_count":0,"_bbp_topic_count_hidden":0,"_bbp_reply_count_hidden":0,"_bbp_forum_subforum_count":0,"footnotes":""},"categories":[42],"tags":[],"class_list":{"0":"post-451629","1":"post","2":"type-post","3":"status-publish","4":"format-standard","5":"has-post-thumbnail","7":"category-deportes"},"_links":{"self":[{"href":"https:\/\/primermomento.com\/index.php?rest_route=\/wp\/v2\/posts\/451629","targetHints":{"allow":["GET"]}}],"collection":[{"href":"https:\/\/primermomento.com\/index.php?rest_route=\/wp\/v2\/posts"}],"about":[{"href":"https:\/\/primermomento.com\/index.php?rest_route=\/wp\/v2\/types\/post"}],"author":[{"embeddable":true,"href":"https:\/\/primermomento.com\/index.php?rest_route=\/wp\/v2\/users\/1"}],"replies":[{"embeddable":true,"href":"https:\/\/primermomento.com\/index.php?rest_route=%2Fwp%2Fv2%2Fcomments&post=451629"}],"version-history":[{"count":1,"href":"https:\/\/primermomento.com\/index.php?rest_route=\/wp\/v2\/posts\/451629\/revisions"}],"predecessor-version":[{"id":451630,"href":"https:\/\/primermomento.com\/index.php?rest_route=\/wp\/v2\/posts\/451629\/revisions\/451630"}],"wp:featuredmedia":[{"embeddable":true,"href":"https:\/\/primermomento.com\/index.php?rest_route=\/wp\/v2\/media\/379383"}],"wp:attachment":[{"href":"https:\/\/primermomento.com\/index.php?rest_route=%2Fwp%2Fv2%2Fmedia&parent=451629"}],"wp:term":[{"taxonomy":"category","embeddable":true,"href":"https:\/\/primermomento.com\/index.php?rest_route=%2Fwp%2Fv2%2Fcategories&post=451629"},{"taxonomy":"post_tag","embeddable":true,"href":"https:\/\/primermomento.com\/index.php?rest_route=%2Fwp%2Fv2%2Ftags&post=451629"}],"curies":[{"name":"wp","href":"https:\/\/api.w.org\/{rel}","templated":true}]}}