{"id":451749,"date":"2025-09-17T08:00:35","date_gmt":"2025-09-17T12:00:35","guid":{"rendered":"https:\/\/primermomento.com\/?p=451749"},"modified":"2025-09-17T13:10:18","modified_gmt":"2025-09-17T17:10:18","slug":"reserva-federal-de-eeuu-podria-recortar-tasas-de-interes","status":"publish","type":"post","link":"https:\/\/primermomento.com\/?p=451749","title":{"rendered":"Reserva Federal de EEUU podr\u00eda recortar tasas de inter\u00e9s"},"content":{"rendered":"<p><strong><em>Por <span style=\"color: #ff0000;\">Prensa Latina<\/span><\/em><\/strong><\/p>\n<p>Washington, EEUU.- La Reserva Federal (Fed) de Estados Unidos concluye hoy una reuni\u00f3n de dos d\u00edas que determinar\u00e1 su pol\u00edtica de tasas de inter\u00e9s en medio de la incertidumbre en su liderazgo y las presiones del presidente Donald Trump.<\/p>\n<p>Los pron\u00f3sticos y la expectativa del mercado van rumbo a una reducci\u00f3n de tasas en un cuarto de punto porcentual y las razones detr\u00e1s de esta posible decisi\u00f3n estar\u00edan fundamentadas en el indicador de desempleo del pasado mes de julio, que se situ\u00f3 en 4.2 por ciento, el m\u00e1s alto desde octubre de 2021.<\/p>\n<p>Este ajuste ser\u00eda el primero desde diciembre de 2024, ahora en el contexto de una inflaci\u00f3n que sigue superando el objetivo del 2.0 por ciento de la Fed y debido, en alguna medida, a las directivas arancelarias de Trump que afectan a buena parte del mundo.<\/p>\n<p>Por lo tanto, la reserva tendr\u00e1 que resolver el dilema de atender una inflaci\u00f3n de 2.9 por ciento contra un aumento del desempleo y una perspectiva de menor crecimiento econ\u00f3mico, en opini\u00f3n de expertos.<\/p>\n<p>Mientras, un tribunal de apelaciones fren\u00f3 el intento de Trump de destituir a Lisa Cook, miembro de la junta de gobernadores de la Fed, lo que garantizar\u00eda su participaci\u00f3n en las deliberaciones de este mi\u00e9rcoles.<\/p>\n<p>Al propio tiempo, Stephen Miran, asesor econ\u00f3mico de Trump, debut\u00f3 como miembro de la Fed tras su confirmaci\u00f3n en el Senado y jurar el cargo este 16 de septiembre.<\/p>\n<p>Algunos observadores apuntan que la expectativa recae ahora en si el presidente de la Fed, Jerome Powell, trasmitir\u00e1 un mensaje agresivo o moderado en su conferencia de prensa de esta tarde.<\/p>\n<p>En su reciente discurso en Jackson Hole, Powell insinu\u00f3 una ligera reducci\u00f3n de las tasas de inter\u00e9s, pero advirti\u00f3 entonces que proceder\u00edan con mesura.<\/p>\n<p>El jefe la Fed (o banco central) apunt\u00f3 entonces que continuaban evaluando el impacto de los aranceles impuestos por Trump y otras pol\u00edticas en la econom\u00eda.<\/p>\n<p>\u201cLa estabilidad de la tasa de desempleo y otros indicadores del mercado laboral nos permite proceder con cautela al considerar cambios en nuestra postura pol\u00edtica\u201d, dijo Powell.<\/p>\n<p>\u201cSin embargo, con la pol\u00edtica monetaria en territorio restrictivo, la perspectiva base y el cambiante balance de riesgos podr\u00edan justificar un ajuste de nuestra postura pol\u00edtica\u201d, a\u00f1adi\u00f3.<\/p>\n<p>Ante cerca de un centenar de acad\u00e9micos, economistas y funcionarios de bancos centrales de todo el mundo, el mensaje fue claro: seguir\u00eda a pie juntillas los datos de empleo e inflaci\u00f3n para determinar si recortaba las tasas en la esta reuni\u00f3n de la Fed.<\/p>\n<p>Entretanto, un tribunal federal de apelaciones rechaz\u00f3 el lunes una solicitud de la administraci\u00f3n Trump para permitirle despedir a Cook de la Junta de Gobernadores de la Fed, por lo que se mantiene intacta la orden de un tribunal inferior que la restituy\u00f3 en el cargo.<\/p>\n<p>Trump intent\u00f3 destituir a Cook el mes pasado por acusaciones de fraude hipotecario, lo que ella niega.<\/p>\n","protected":false},"excerpt":{"rendered":"<p>Por Prensa Latina Washington, EEUU.- La Reserva Federal (Fed) de Estados Unidos concluye hoy una reuni\u00f3n de dos d\u00edas que determinar\u00e1 su pol\u00edtica de tasas de inter\u00e9s en medio de la incertidumbre en su liderazgo y las presiones del presidente Donald Trump. Los pron\u00f3sticos y la expectativa del mercado van rumbo a una reducci\u00f3n de [&hellip;]<\/p>\n","protected":false},"author":1,"featured_media":448209,"comment_status":"open","ping_status":"open","sticky":false,"template":"","format":"standard","meta":{"_bbp_topic_count":0,"_bbp_reply_count":0,"_bbp_total_topic_count":0,"_bbp_total_reply_count":0,"_bbp_voice_count":0,"_bbp_anonymous_reply_count":0,"_bbp_topic_count_hidden":0,"_bbp_reply_count_hidden":0,"_bbp_forum_subforum_count":0,"footnotes":""},"categories":[35],"tags":[],"class_list":{"0":"post-451749","1":"post","2":"type-post","3":"status-publish","4":"format-standard","5":"has-post-thumbnail","7":"category-economia"},"_links":{"self":[{"href":"https:\/\/primermomento.com\/index.php?rest_route=\/wp\/v2\/posts\/451749","targetHints":{"allow":["GET"]}}],"collection":[{"href":"https:\/\/primermomento.com\/index.php?rest_route=\/wp\/v2\/posts"}],"about":[{"href":"https:\/\/primermomento.com\/index.php?rest_route=\/wp\/v2\/types\/post"}],"author":[{"embeddable":true,"href":"https:\/\/primermomento.com\/index.php?rest_route=\/wp\/v2\/users\/1"}],"replies":[{"embeddable":true,"href":"https:\/\/primermomento.com\/index.php?rest_route=%2Fwp%2Fv2%2Fcomments&post=451749"}],"version-history":[{"count":1,"href":"https:\/\/primermomento.com\/index.php?rest_route=\/wp\/v2\/posts\/451749\/revisions"}],"predecessor-version":[{"id":451750,"href":"https:\/\/primermomento.com\/index.php?rest_route=\/wp\/v2\/posts\/451749\/revisions\/451750"}],"wp:featuredmedia":[{"embeddable":true,"href":"https:\/\/primermomento.com\/index.php?rest_route=\/wp\/v2\/media\/448209"}],"wp:attachment":[{"href":"https:\/\/primermomento.com\/index.php?rest_route=%2Fwp%2Fv2%2Fmedia&parent=451749"}],"wp:term":[{"taxonomy":"category","embeddable":true,"href":"https:\/\/primermomento.com\/index.php?rest_route=%2Fwp%2Fv2%2Fcategories&post=451749"},{"taxonomy":"post_tag","embeddable":true,"href":"https:\/\/primermomento.com\/index.php?rest_route=%2Fwp%2Fv2%2Ftags&post=451749"}],"curies":[{"name":"wp","href":"https:\/\/api.w.org\/{rel}","templated":true}]}}