{"id":451768,"date":"2025-09-17T14:46:26","date_gmt":"2025-09-17T18:46:26","guid":{"rendered":"https:\/\/primermomento.com\/?p=451768"},"modified":"2025-09-17T20:15:05","modified_gmt":"2025-09-18T00:15:05","slug":"reserva-federal-de-eeuu-recorto-tasas-de-interes","status":"publish","type":"post","link":"https:\/\/primermomento.com\/?p=451768","title":{"rendered":"Reserva Federal de EEUU recort\u00f3 tasas de inter\u00e9s"},"content":{"rendered":"<p><strong><em>Por <span style=\"color: #ff0000;\">Prensa Latina<\/span><\/em><\/strong><\/p>\n<p>Washington, EEUU.- El presidente de la Reserva Federal de Estados Unidos, Jerome Powell, anunci\u00f3 hoy el primer recorte del a\u00f1o de las tasas de inter\u00e9s que ser\u00e1 de un cuarto de punto porcentual, decisi\u00f3n que coincide con las expectativas.<\/p>\n<p>Powell insinu\u00f3 que la desaceleraci\u00f3n del crecimiento del empleo podr\u00eda provocar un recorte en su discurso inaugural de agosto en Jackson Hole, a pesar del repunte de la inflaci\u00f3n.<\/p>\n<p>El prop\u00f3sito del banco central es mantener el empleo y el aumento de precios en equilibrio, una doble misi\u00f3n dif\u00edcil en los \u00faltimos meses.<\/p>\n<p>\u00abA corto plazo, los riesgos para la inflaci\u00f3n se inclinan al alza y los riesgos para el empleo a la baja, una situaci\u00f3n compleja\u201d, declar\u00f3 Powell en un discurso reciente en Jackson Hole.<\/p>\n<p>A\u00f1adi\u00f3 entonces que \u00abcon una pol\u00edtica monetaria restrictiva, la perspectiva base y el cambiante equilibrio de riesgos podr\u00edan justificar un ajuste de nuestra postura pol\u00edtica\u00bb.<\/p>\n<p>La Fed (sigla en ingl\u00e9s de la reserva) concluy\u00f3 este mi\u00e9rcoles una reuni\u00f3n de dos d\u00edas que determinar\u00e1 su pol\u00edtica monetaria en medio de la incertidumbre en su liderazgo y las presiones del presidente Donald Trump, quien hace rato exig\u00eda los recortes e incluso amenaz\u00f3 con despedir a Powell.<\/p>\n<p>Este ajuste es el primero desde diciembre de 2024, ahora en el contexto de una inflaci\u00f3n que sigue superando el objetivo de 2.0 por ciento de la Fed y debido, en alguna medida, a las directivas arancelarias de Trump que afectan a buena parte del mundo.<\/p>\n<p>Por lo tanto, la reserva tendr\u00e1 que resolver el dilema de atender una inflaci\u00f3n de 2.9 por ciento contra un aumento del desempleo y una perspectiva de menor crecimiento econ\u00f3mico, en opini\u00f3n de expertos.<\/p>\n<p>Mientras, un tribunal de apelaciones fren\u00f3 el intento de Trump de destituir a Lisa Cook, miembro de la junta de gobernadores de la Fed, al propio tiempo, Stephen Miran, asesor econ\u00f3mico del mandatario republicano, debut\u00f3 como miembro de la Reserva tras su confirmaci\u00f3n en el Senado y jurar el cargo este 16 de septiembre.<\/p>\n<p>Trump intent\u00f3 destituir a Cook el mes pasado por acusaciones de fraude hipotecario, lo que ella niega.<\/p>\n","protected":false},"excerpt":{"rendered":"<p>Por Prensa Latina Washington, EEUU.- El presidente de la Reserva Federal de Estados Unidos, Jerome Powell, anunci\u00f3 hoy el primer recorte del a\u00f1o de las tasas de inter\u00e9s que ser\u00e1 de un cuarto de punto porcentual, decisi\u00f3n que coincide con las expectativas. Powell insinu\u00f3 que la desaceleraci\u00f3n del crecimiento del empleo podr\u00eda provocar un recorte [&hellip;]<\/p>\n","protected":false},"author":1,"featured_media":451769,"comment_status":"open","ping_status":"open","sticky":false,"template":"","format":"standard","meta":{"_bbp_topic_count":0,"_bbp_reply_count":0,"_bbp_total_topic_count":0,"_bbp_total_reply_count":0,"_bbp_voice_count":0,"_bbp_anonymous_reply_count":0,"_bbp_topic_count_hidden":0,"_bbp_reply_count_hidden":0,"_bbp_forum_subforum_count":0,"footnotes":""},"categories":[35],"tags":[],"class_list":{"0":"post-451768","1":"post","2":"type-post","3":"status-publish","4":"format-standard","5":"has-post-thumbnail","7":"category-economia"},"_links":{"self":[{"href":"https:\/\/primermomento.com\/index.php?rest_route=\/wp\/v2\/posts\/451768","targetHints":{"allow":["GET"]}}],"collection":[{"href":"https:\/\/primermomento.com\/index.php?rest_route=\/wp\/v2\/posts"}],"about":[{"href":"https:\/\/primermomento.com\/index.php?rest_route=\/wp\/v2\/types\/post"}],"author":[{"embeddable":true,"href":"https:\/\/primermomento.com\/index.php?rest_route=\/wp\/v2\/users\/1"}],"replies":[{"embeddable":true,"href":"https:\/\/primermomento.com\/index.php?rest_route=%2Fwp%2Fv2%2Fcomments&post=451768"}],"version-history":[{"count":1,"href":"https:\/\/primermomento.com\/index.php?rest_route=\/wp\/v2\/posts\/451768\/revisions"}],"predecessor-version":[{"id":451770,"href":"https:\/\/primermomento.com\/index.php?rest_route=\/wp\/v2\/posts\/451768\/revisions\/451770"}],"wp:featuredmedia":[{"embeddable":true,"href":"https:\/\/primermomento.com\/index.php?rest_route=\/wp\/v2\/media\/451769"}],"wp:attachment":[{"href":"https:\/\/primermomento.com\/index.php?rest_route=%2Fwp%2Fv2%2Fmedia&parent=451768"}],"wp:term":[{"taxonomy":"category","embeddable":true,"href":"https:\/\/primermomento.com\/index.php?rest_route=%2Fwp%2Fv2%2Fcategories&post=451768"},{"taxonomy":"post_tag","embeddable":true,"href":"https:\/\/primermomento.com\/index.php?rest_route=%2Fwp%2Fv2%2Ftags&post=451768"}],"curies":[{"name":"wp","href":"https:\/\/api.w.org\/{rel}","templated":true}]}}