{"id":452225,"date":"2025-09-23T05:57:07","date_gmt":"2025-09-23T09:57:07","guid":{"rendered":"https:\/\/primermomento.com\/?p=452225"},"modified":"2025-09-23T18:00:50","modified_gmt":"2025-09-23T22:00:50","slug":"policia-da-a-conocer-retrato-de-presunto-asesino-de-dominicano-en-alto-manhattan","status":"publish","type":"post","link":"https:\/\/primermomento.com\/?p=452225","title":{"rendered":"Polic\u00eda de NY da a conocer retrato de presunto asesino de dominicano en Alto Manhattan"},"content":{"rendered":"<p><iframe loading=\"lazy\" title=\"\u201c\u00a1Que paguen!\u201d: Clamor por padre dominicano asesinado en Washington Heights\" width=\"696\" height=\"392\" src=\"https:\/\/www.youtube.com\/embed\/4SmoEFmth5E?start=1&#038;feature=oembed\" frameborder=\"0\" allow=\"accelerometer; autoplay; clipboard-write; encrypted-media; gyroscope; picture-in-picture; web-share\" referrerpolicy=\"strict-origin-when-cross-origin\" allowfullscreen><\/iframe><\/p>\n<p><strong><em>Por <span style=\"color: #ff0000;\">Ram\u00f3n Mercedes<\/span><\/em><\/strong><\/p>\n<p>Nueva York, EEUU.- La polic\u00eda de esta ciudad dio a conocer este lunes la foto del presunto asesino del dominicano Omar L\u00f3pez, de 45 a\u00f1os y padre de tres hijos, frente al 141 de la avenida Nagle, entre las calles Arden y Thayer, en el sector Inwood en el Alto Manhattan.<\/p>\n<p>La uniformada persigue activamente a la persona que aparece en la foto. Se inform\u00f3 que el lamentablemente incidente sucedi\u00f3 a eso de las 4:00 de la madrugada de este domingo, cuando se desat\u00f3 una discusi\u00f3n con cuatro sujetos que lo persiguieron y acuchillaron.<\/p>\n<p><img loading=\"lazy\" decoding=\"async\" class=\"size-medium wp-image-452226 alignleft\" src=\"https:\/\/primermomento.com\/wp-content\/uploads\/2025\/09\/Policia-NY-proporciona-foto-presunto-asesino-de-dominicano-en-Alto-Manhattan-300x140.jpg\" alt=\"\" width=\"300\" height=\"140\" srcset=\"https:\/\/primermomento.com\/wp-content\/uploads\/2025\/09\/Policia-NY-proporciona-foto-presunto-asesino-de-dominicano-en-Alto-Manhattan-300x140.jpg 300w, https:\/\/primermomento.com\/wp-content\/uploads\/2025\/09\/Policia-NY-proporciona-foto-presunto-asesino-de-dominicano-en-Alto-Manhattan.jpg 654w\" sizes=\"auto, (max-width: 300px) 100vw, 300px\" \/>La familia del dominicano clama por justicia. A\u00fan no se ha determinado el motivo del apu\u00f1alamiento. La investigaci\u00f3n contin\u00faa en curso.<\/p>\n<p>La instituci\u00f3n del orden solicita a cualquier persona que tenga informaci\u00f3n sobre este incidente que llamar a Crime Stoppers al 1-800-577-8477 o al 1-888-577-4782.<\/p>\n<p>Tambi\u00e9n puede enviar sus pistas a trav\u00e9s del sitio web de Crime Stoppers:\u00a0<a href=\"https:\/\/crimestoppers.nypdonline.org\/\" target=\"_blank\" rel=\"nofollow noopener\" data-saferedirecturl=\"https:\/\/www.google.com\/url?q=https:\/\/crimestoppers.nypdonline.org\/&amp;source=gmail&amp;ust=1758707078228000&amp;usg=AOvVaw0lVw12nsj7qyAnT2ZaxUBp\">https:\/\/crimestoppers.<wbr \/>nypdonline.org\/<\/a>\u00a0\u00a0o en @NYPDTips. Todas las llamadas son estrictamente confidenciales.<\/p>\n","protected":false},"excerpt":{"rendered":"<p>Por Ram\u00f3n Mercedes Nueva York, EEUU.- La polic\u00eda de esta ciudad dio a conocer este lunes la foto del presunto asesino del dominicano Omar L\u00f3pez, de 45 a\u00f1os y padre de tres hijos, frente al 141 de la avenida Nagle, entre las calles Arden y Thayer, en el sector Inwood en el Alto Manhattan. La [&hellip;]<\/p>\n","protected":false},"author":1,"featured_media":452226,"comment_status":"open","ping_status":"open","sticky":false,"template":"","format":"video","meta":{"_bbp_topic_count":0,"_bbp_reply_count":0,"_bbp_total_topic_count":0,"_bbp_total_reply_count":0,"_bbp_voice_count":0,"_bbp_anonymous_reply_count":0,"_bbp_topic_count_hidden":0,"_bbp_reply_count_hidden":0,"_bbp_forum_subforum_count":0,"footnotes":""},"categories":[40,106],"tags":[],"class_list":{"0":"post-452225","1":"post","2":"type-post","3":"status-publish","4":"format-video","5":"has-post-thumbnail","7":"category-comunidad","8":"category-video-news","9":"post_format-post-format-video"},"_links":{"self":[{"href":"https:\/\/primermomento.com\/index.php?rest_route=\/wp\/v2\/posts\/452225","targetHints":{"allow":["GET"]}}],"collection":[{"href":"https:\/\/primermomento.com\/index.php?rest_route=\/wp\/v2\/posts"}],"about":[{"href":"https:\/\/primermomento.com\/index.php?rest_route=\/wp\/v2\/types\/post"}],"author":[{"embeddable":true,"href":"https:\/\/primermomento.com\/index.php?rest_route=\/wp\/v2\/users\/1"}],"replies":[{"embeddable":true,"href":"https:\/\/primermomento.com\/index.php?rest_route=%2Fwp%2Fv2%2Fcomments&post=452225"}],"version-history":[{"count":2,"href":"https:\/\/primermomento.com\/index.php?rest_route=\/wp\/v2\/posts\/452225\/revisions"}],"predecessor-version":[{"id":452229,"href":"https:\/\/primermomento.com\/index.php?rest_route=\/wp\/v2\/posts\/452225\/revisions\/452229"}],"wp:featuredmedia":[{"embeddable":true,"href":"https:\/\/primermomento.com\/index.php?rest_route=\/wp\/v2\/media\/452226"}],"wp:attachment":[{"href":"https:\/\/primermomento.com\/index.php?rest_route=%2Fwp%2Fv2%2Fmedia&parent=452225"}],"wp:term":[{"taxonomy":"category","embeddable":true,"href":"https:\/\/primermomento.com\/index.php?rest_route=%2Fwp%2Fv2%2Fcategories&post=452225"},{"taxonomy":"post_tag","embeddable":true,"href":"https:\/\/primermomento.com\/index.php?rest_route=%2Fwp%2Fv2%2Ftags&post=452225"}],"curies":[{"name":"wp","href":"https:\/\/api.w.org\/{rel}","templated":true}]}}