{"id":452283,"date":"2025-09-23T14:54:28","date_gmt":"2025-09-23T18:54:28","guid":{"rendered":"https:\/\/primermomento.com\/?p=452283"},"modified":"2025-09-24T09:27:00","modified_gmt":"2025-09-24T13:27:00","slug":"consejo-de-ministros-aprueba-proyecto-de-ley-de-presupuesto-general-del-estado-2026","status":"publish","type":"post","link":"https:\/\/primermomento.com\/?p=452283","title":{"rendered":"Consejo de ministros aprueba proyecto de ley de Presupuesto General del Estado 2026"},"content":{"rendered":"<p><strong><em>Por <span style=\"color: #ff0000;\">Servicios de Primermomento.com<\/span><\/em><\/strong><\/p>\n<p>SANTO DOMINGO, Rep\u00fablica Dominicana.- <span lang=\"ES-US\">El Gobierno dominicano\u00a0celebr\u00f3 este martes el\u00a0quincuag\u00e9simo segundo Consejo de Ministros, encabezado por la vicepresidenta de la Rep\u00fablica,\u00a0Raquel Pe\u00f1a Rodr\u00edguez, donde\u00a0se conoci\u00f3 y aprob\u00f3\u00a0el proyecto de ley del\u00a0Presupuesto General del Estado para el a\u00f1o 2026, que ser\u00e1 remitido al Congreso Nacional antes del 1 de octubre, conforme lo establece la Constituci\u00f3n.<\/span><\/p>\n<p><span lang=\"ES-US\">Las informaciones fueron dadas a la prensa nacional por el ministro de la Presidencia,\u00a0Jos\u00e9 Ignacio Paliza, en su calidad de secretario t\u00e9cnico del Consejo y el director general de Presupuesto,\u00a0Jos\u00e9 Rijo Presbot.<\/span><\/p>\n<p><span lang=\"ES-US\">Paliza inform\u00f3 que el Presupuesto 2026 asciende a\u00a0RD1 bill\u00f3n 744,000 millones, equivalente al\u00a020.1 % del PIB. Uno de los ejes centrales de la propuesta es el\u00a0impulso de la inversi\u00f3n p\u00fablica, que alcanzar\u00e1 un 2.5 % del PIB. En este sentido, el gasto de capital proyectado para 2026 ser\u00eda\u00a0RD 7,354.6 millones superior al presupuesto reformulado 2025, y RD 39,000 millones m\u00e1s en relaci\u00f3n al presupuesto inicial 2025.\u00a0<\/span><\/p>\n<p><span lang=\"ES-US\">Dichos recursos estar\u00e1n dirigidos a\u00a0proyectos de alto impacto en sectores estrat\u00e9gicos\u00a0como transporte, vivienda, agua potable y saneamiento, los cuales contribuyen a\u00a0dinamizar la econom\u00eda y mejorar la calidad de vida\u00a0de la poblaci\u00f3n.<\/span><\/p>\n<p><span lang=\"ES-US\">La asignaci\u00f3n para 2026 tambi\u00e9n contempla la profundizaci\u00f3n de medidas de\u00a0eficiencia\u00a0en el uso de los\u00a0recursos p\u00fablicos, como lo demuestra la reciente\u00a0fusi\u00f3n del Ministerio de Hacienda y Econom\u00eda. Asimismo, se proyecta que los\u00a0servicios sociales\u00a0representen aproximadamente el\u00a046 %\u00a0del gasto total, reafirmando la\u00a0prioridad\u00a0del Gobierno en mejorar el\u00a0bienestar de la ciudadan\u00eda. Entre estos compromisos destacan la garant\u00eda del 4 % del PIB para educaci\u00f3n, incrementos en salud, seguridad social y la asignaci\u00f3n de mayores recursos a deportes, en ocasi\u00f3n de la celebraci\u00f3n de los XXV Juegos Centroamericanos y del Caribe en el pa\u00eds.<\/span><\/p>\n<p><em><span lang=\"ES-US\">\u201cEl Presupuesto 2026 reafirma el compromiso del Gobierno del presidente Luis Abinader con la gente. Es un instrumento que prioriza la inversi\u00f3n en \u00e1reas sociales, garantiza la sostenibilidad de las finanzas p\u00fablicas y sienta las bases para continuar transformando nuestro pa\u00eds con eficiencia y transparencia\u201d,<\/span><\/em><span lang=\"ES-US\">\u00a0expres\u00f3 el ministro Paliza.<\/span><\/p>\n<p><span lang=\"ES-US\">El director general de Presupuesto, Jos\u00e9 Rijo Presbot, present\u00f3 los lineamientos de la pieza, fundamentados en un marco macroecon\u00f3mico que proyecta un\u00a0crecimiento del PIB real de 4.5% y una inflaci\u00f3n promedio de 4%.<\/span><\/p>\n<p><span lang=\"ES-US\">Durante el encuentro, tambi\u00e9n se conocieron los avances en la\u00a0Evaluaci\u00f3n de Desempe\u00f1o Institucional (EDI), expuestos por el ministro de Administraci\u00f3n P\u00fablica,\u00a0Sigmund Freund, as\u00ed como el seguimiento a\u00a010 metas priorizadas\u00a0de la gesti\u00f3n de Gobierno en \u00e1reas como agricultura, energ\u00eda y minas, e industria y comercio. En este punto intervinieron los ministros\u00a0Limber Cruz, Joel Santos\u00a0y el viceministro\u00a0Johannes Kelner.<\/span><\/p>\n<p><span lang=\"ES-US\">Asimismo, se present\u00f3 la\u00a0Priorizaci\u00f3n de Programas del Gobierno 2026, a cargo del viceministro\u00a0Luis Madera Sued, como parte del esfuerzo de\u00a0planificaci\u00f3n, monitoreo y rendici\u00f3n de cuentas\u00a0de las pol\u00edticas p\u00fablicas.<\/span><\/p>\n<p><span lang=\"ES-US\">El Consejo concluy\u00f3 con las palabras de cierre de la vicepresidenta Raquel Pe\u00f1a, quien reafirm\u00f3 el compromiso del Gobierno con\u00a0la eficiencia, la transparencia y la sostenibilidad en la gesti\u00f3n de los recursos p\u00fablicos.<\/span><\/p>\n","protected":false},"excerpt":{"rendered":"<p>Por Servicios de Primermomento.com SANTO DOMINGO, Rep\u00fablica Dominicana.- El Gobierno dominicano\u00a0celebr\u00f3 este martes el\u00a0quincuag\u00e9simo segundo Consejo de Ministros, encabezado por la vicepresidenta de la Rep\u00fablica,\u00a0Raquel Pe\u00f1a Rodr\u00edguez, donde\u00a0se conoci\u00f3 y aprob\u00f3\u00a0el proyecto de ley del\u00a0Presupuesto General del Estado para el a\u00f1o 2026, que ser\u00e1 remitido al Congreso Nacional antes del 1 de octubre, conforme lo [&hellip;]<\/p>\n","protected":false},"author":1,"featured_media":452284,"comment_status":"open","ping_status":"open","sticky":false,"template":"","format":"standard","meta":{"_bbp_topic_count":0,"_bbp_reply_count":0,"_bbp_total_topic_count":0,"_bbp_total_reply_count":0,"_bbp_voice_count":0,"_bbp_anonymous_reply_count":0,"_bbp_topic_count_hidden":0,"_bbp_reply_count_hidden":0,"_bbp_forum_subforum_count":0,"footnotes":""},"categories":[35],"tags":[],"class_list":{"0":"post-452283","1":"post","2":"type-post","3":"status-publish","4":"format-standard","5":"has-post-thumbnail","7":"category-economia"},"_links":{"self":[{"href":"https:\/\/primermomento.com\/index.php?rest_route=\/wp\/v2\/posts\/452283","targetHints":{"allow":["GET"]}}],"collection":[{"href":"https:\/\/primermomento.com\/index.php?rest_route=\/wp\/v2\/posts"}],"about":[{"href":"https:\/\/primermomento.com\/index.php?rest_route=\/wp\/v2\/types\/post"}],"author":[{"embeddable":true,"href":"https:\/\/primermomento.com\/index.php?rest_route=\/wp\/v2\/users\/1"}],"replies":[{"embeddable":true,"href":"https:\/\/primermomento.com\/index.php?rest_route=%2Fwp%2Fv2%2Fcomments&post=452283"}],"version-history":[{"count":1,"href":"https:\/\/primermomento.com\/index.php?rest_route=\/wp\/v2\/posts\/452283\/revisions"}],"predecessor-version":[{"id":452285,"href":"https:\/\/primermomento.com\/index.php?rest_route=\/wp\/v2\/posts\/452283\/revisions\/452285"}],"wp:featuredmedia":[{"embeddable":true,"href":"https:\/\/primermomento.com\/index.php?rest_route=\/wp\/v2\/media\/452284"}],"wp:attachment":[{"href":"https:\/\/primermomento.com\/index.php?rest_route=%2Fwp%2Fv2%2Fmedia&parent=452283"}],"wp:term":[{"taxonomy":"category","embeddable":true,"href":"https:\/\/primermomento.com\/index.php?rest_route=%2Fwp%2Fv2%2Fcategories&post=452283"},{"taxonomy":"post_tag","embeddable":true,"href":"https:\/\/primermomento.com\/index.php?rest_route=%2Fwp%2Fv2%2Ftags&post=452283"}],"curies":[{"name":"wp","href":"https:\/\/api.w.org\/{rel}","templated":true}]}}