{"id":452340,"date":"2025-09-24T05:30:12","date_gmt":"2025-09-24T09:30:12","guid":{"rendered":"https:\/\/primermomento.com\/?p=452340"},"modified":"2025-10-04T09:35:29","modified_gmt":"2025-10-04T13:35:29","slug":"revelan-influencia-humana-en-la-cronologia-de-incendios-forestales","status":"publish","type":"post","link":"https:\/\/primermomento.com\/?p=452340","title":{"rendered":"Revelan influencia humana en la cronolog\u00eda de incendios forestales"},"content":{"rendered":"<p><strong><em>Por <span style=\"color: #ff0000;\">Prensa Latina<\/span><\/em><\/strong><\/p>\n<p>Washington, EEUU.- Un nuevo estudio publicado en Nature Ecology &amp; Evolution vincula hoy los patrones y duraci\u00f3n de la temporada de incendios forestales en el mundo con la influencia de las acciones humanas sumadas al cambio clim\u00e1tico.<\/p>\n<div class=\"elementor-element elementor-element-0aea3a0 elementor-widget elementor-widget-theme-post-content\" data-id=\"0aea3a0\" data-element_type=\"widget\" data-widget_type=\"theme-post-content.default\">\n<div class=\"elementor-widget-container\">\n<p>Revel\u00f3 que las pr\u00e1cticas de las personas han extendido en hasta 40 d\u00edas la temporada mundial de siniestros, impactando a la biodiversidad y los ecosistemas.<\/p>\n<p>Asimismo el an\u00e1lisis liderado por Todd Ellis, del Fire Center de la Universidad de Tasmania, evidenci\u00f3 que acciones como la quema agr\u00edcola y las igniciones accidentales hoy d\u00eda suscitan los incendios en \u00e9pocas del calendario en que usualmente no ocurren. Los cient\u00edficos estudiaron datos sobre la humedad del combustible y los rayos en m\u00e1s de 700 regiones ecol\u00f3gicas de todo el mundo.<\/p>\n<p>Concluyeron que cuando los incendios forestales ocurren fuera de sus etapas habituales sufren los ecosistemas y los seres vivos que los habitan, entre otros muchos prejuicios.<\/p>\n<\/div>\n<\/div>\n<div class=\"elementor-element elementor-element-4f75016 elementor-widget elementor-widget-post-info\" data-id=\"4f75016\" data-element_type=\"widget\" data-widget_type=\"post-info.default\">\n<div class=\"elementor-widget-container\">\n<ul class=\"elementor-inline-items elementor-icon-list-items elementor-post-info\">\n<li class=\"elementor-icon-list-item elementor-repeater-item-17dda3e elementor-inline-item\"><span class=\"elementor-icon-list-text elementor-post-info__item elementor-post-info__item--type-custom\">#<em><a href=\"https:\/\/primermomento.com\/?p=452340\" rel=\"tag\">incendios<\/a><\/em><\/span><\/li>\n<\/ul>\n<\/div>\n<\/div>\n","protected":false},"excerpt":{"rendered":"<p>Por Prensa Latina Washington, EEUU.- Un nuevo estudio publicado en Nature Ecology &amp; Evolution vincula hoy los patrones y duraci\u00f3n de la temporada de incendios forestales en el mundo con la influencia de las acciones humanas sumadas al cambio clim\u00e1tico. Revel\u00f3 que las pr\u00e1cticas de las personas han extendido en hasta 40 d\u00edas la temporada [&hellip;]<\/p>\n","protected":false},"author":1,"featured_media":452341,"comment_status":"open","ping_status":"open","sticky":false,"template":"","format":"standard","meta":{"_bbp_topic_count":0,"_bbp_reply_count":0,"_bbp_total_topic_count":0,"_bbp_total_reply_count":0,"_bbp_voice_count":0,"_bbp_anonymous_reply_count":0,"_bbp_topic_count_hidden":0,"_bbp_reply_count_hidden":0,"_bbp_forum_subforum_count":0,"footnotes":""},"categories":[37,109],"tags":[],"class_list":{"0":"post-452340","1":"post","2":"type-post","3":"status-publish","4":"format-standard","5":"has-post-thumbnail","7":"category-ciencia-tecnologia","8":"category-eleccion"},"_links":{"self":[{"href":"https:\/\/primermomento.com\/index.php?rest_route=\/wp\/v2\/posts\/452340","targetHints":{"allow":["GET"]}}],"collection":[{"href":"https:\/\/primermomento.com\/index.php?rest_route=\/wp\/v2\/posts"}],"about":[{"href":"https:\/\/primermomento.com\/index.php?rest_route=\/wp\/v2\/types\/post"}],"author":[{"embeddable":true,"href":"https:\/\/primermomento.com\/index.php?rest_route=\/wp\/v2\/users\/1"}],"replies":[{"embeddable":true,"href":"https:\/\/primermomento.com\/index.php?rest_route=%2Fwp%2Fv2%2Fcomments&post=452340"}],"version-history":[{"count":1,"href":"https:\/\/primermomento.com\/index.php?rest_route=\/wp\/v2\/posts\/452340\/revisions"}],"predecessor-version":[{"id":452342,"href":"https:\/\/primermomento.com\/index.php?rest_route=\/wp\/v2\/posts\/452340\/revisions\/452342"}],"wp:featuredmedia":[{"embeddable":true,"href":"https:\/\/primermomento.com\/index.php?rest_route=\/wp\/v2\/media\/452341"}],"wp:attachment":[{"href":"https:\/\/primermomento.com\/index.php?rest_route=%2Fwp%2Fv2%2Fmedia&parent=452340"}],"wp:term":[{"taxonomy":"category","embeddable":true,"href":"https:\/\/primermomento.com\/index.php?rest_route=%2Fwp%2Fv2%2Fcategories&post=452340"},{"taxonomy":"post_tag","embeddable":true,"href":"https:\/\/primermomento.com\/index.php?rest_route=%2Fwp%2Fv2%2Ftags&post=452340"}],"curies":[{"name":"wp","href":"https:\/\/api.w.org\/{rel}","templated":true}]}}