{"id":452617,"date":"2025-09-27T14:03:14","date_gmt":"2025-09-27T18:03:14","guid":{"rendered":"https:\/\/primermomento.com\/?p=452617"},"modified":"2025-09-28T13:04:03","modified_gmt":"2025-09-28T17:04:03","slug":"miles-de-afectados-por-lluvias-asociadas-a-vaguada-y-activa-onda-tropical-en-dominicana","status":"publish","type":"post","link":"https:\/\/primermomento.com\/?p=452617","title":{"rendered":"Miles de afectados por lluvias asociadas a vaguada y activa onda tropical en Dominicana"},"content":{"rendered":"<p><strong><em>Por <span style=\"color: #ff0000;\">Prensa Latina<\/span><\/em><\/strong><\/p>\n<p>SANTO DOMINGO, Rep\u00fablica Dominicana.- Las lluvias provocadas por una vaguada y los efectos de una activa onda tropical causaron una situaci\u00f3n de emergencia en la Rep\u00fablica Dominicana, seg\u00fan el bolet\u00edn de da\u00f1os actualizado hoy por el Centro de Operaciones de Emergencias (COE).<\/p>\n<div class=\"elementor-element elementor-element-0aea3a0 elementor-widget elementor-widget-theme-post-content\" data-id=\"0aea3a0\" data-element_type=\"widget\" data-widget_type=\"theme-post-content.default\">\n<div class=\"elementor-widget-container\">\n<p>El organismo report\u00f3 que las intensas precipitaciones de este viernes afectaron 996 viviendas y obligaron a desplazarse a unas cuatro mil 990 personas, adem\u00e1s de causar aver\u00edas en carreteras, puentes y otras infraestructuras.<\/p>\n<p>Actualmente, 11 provincias est\u00e1n en alerta amarilla (categor\u00eda de riesgo intermedio) y ocho en verde (m\u00ednimo) por posibles inundaciones, crecidas de r\u00edos y deslizamientos de tierra.<\/p>\n<p>Entre los incidentes m\u00e1s graves figuran el desbordamiento del r\u00edo Yaque del Sur en Azua, que dej\u00f3 incomunicadas a 325 familias; el colapso de viviendas en Santo Domingo Este; y deslizamientos de tierra en San Crist\u00f3bal, que dificultan el tr\u00e1nsito.<\/p>\n<p>En el sector hidr\u00e1ulico, el Instituto Nacional de Aguas Potables y Alcantarillados (Inapa) inform\u00f3 que 44 acueductos fueron afectados, dejando sin agua a 675 mil 275 usuarios, incluidos m\u00e1s de 404 mil en Santo Domingo.<\/p>\n<p>El Instituto dominicano de Meteorolog\u00eda indic\u00f3 que en las pr\u00f3ximas horas continuar\u00e1n los aguaceros, tormentas el\u00e9ctricas y r\u00e1fagas de viento, especialmente en el Gran Santo Domingo, Peravia, Azua, San Crist\u00f3bal y Barahona, as\u00ed como en otras provincias del norte, noreste y suroeste del pa\u00eds.<\/p>\n<p>El COE exhort\u00f3 a la poblaci\u00f3n a no cruzar r\u00edos ni ca\u00f1adas, evitar balnearios en zonas en alerta y seguir las recomendaciones de protecci\u00f3n civil.<\/p>\n<p>Los organismos de respuesta, incluyendo Defensa, Obras P\u00fablicas, Comedores Econ\u00f3micos y Plan Social, permanecen activos en labores de asistencia y mitigaci\u00f3n.<\/p>\n<\/div>\n<\/div>\n<div class=\"elementor-element elementor-element-4f75016 elementor-widget elementor-widget-post-info\" data-id=\"4f75016\" data-element_type=\"widget\" data-widget_type=\"post-info.default\">\n<div class=\"elementor-widget-container\">\n<ul class=\"elementor-inline-items elementor-icon-list-items elementor-post-info\">\n<li class=\"elementor-icon-list-item elementor-repeater-item-17dda3e elementor-inline-item\"><em><span class=\"elementor-icon-list-text elementor-post-info__item elementor-post-info__item--type-custom\">#<a href=\"https:\/\/primermomento.com\/?p=452617\" rel=\"tag\">afectaciones<\/a>\u00a0#<a href=\"https:\/\/primermomento.com\/?p=452617\" rel=\"tag\">desplazados<\/a>\u00a0#<a href=\"https:\/\/primermomento.com\/?p=452617\" rel=\"tag\">inundaciones<\/a>\u00a0#<a href=\"https:\/\/primermomento.com\/?p=452617\" rel=\"tag\">lluvias<\/a><\/span><\/em><\/li>\n<\/ul>\n<\/div>\n<\/div>\n","protected":false},"excerpt":{"rendered":"<p>Por Prensa Latina SANTO DOMINGO, Rep\u00fablica Dominicana.- Las lluvias provocadas por una vaguada y los efectos de una activa onda tropical causaron una situaci\u00f3n de emergencia en la Rep\u00fablica Dominicana, seg\u00fan el bolet\u00edn de da\u00f1os actualizado hoy por el Centro de Operaciones de Emergencias (COE). El organismo report\u00f3 que las intensas precipitaciones de este viernes [&hellip;]<\/p>\n","protected":false},"author":1,"featured_media":452618,"comment_status":"open","ping_status":"open","sticky":false,"template":"","format":"standard","meta":{"_bbp_topic_count":0,"_bbp_reply_count":0,"_bbp_total_topic_count":0,"_bbp_total_reply_count":0,"_bbp_voice_count":0,"_bbp_anonymous_reply_count":0,"_bbp_topic_count_hidden":0,"_bbp_reply_count_hidden":0,"_bbp_forum_subforum_count":0,"footnotes":""},"categories":[37],"tags":[],"class_list":{"0":"post-452617","1":"post","2":"type-post","3":"status-publish","4":"format-standard","5":"has-post-thumbnail","7":"category-ciencia-tecnologia"},"_links":{"self":[{"href":"https:\/\/primermomento.com\/index.php?rest_route=\/wp\/v2\/posts\/452617","targetHints":{"allow":["GET"]}}],"collection":[{"href":"https:\/\/primermomento.com\/index.php?rest_route=\/wp\/v2\/posts"}],"about":[{"href":"https:\/\/primermomento.com\/index.php?rest_route=\/wp\/v2\/types\/post"}],"author":[{"embeddable":true,"href":"https:\/\/primermomento.com\/index.php?rest_route=\/wp\/v2\/users\/1"}],"replies":[{"embeddable":true,"href":"https:\/\/primermomento.com\/index.php?rest_route=%2Fwp%2Fv2%2Fcomments&post=452617"}],"version-history":[{"count":1,"href":"https:\/\/primermomento.com\/index.php?rest_route=\/wp\/v2\/posts\/452617\/revisions"}],"predecessor-version":[{"id":452619,"href":"https:\/\/primermomento.com\/index.php?rest_route=\/wp\/v2\/posts\/452617\/revisions\/452619"}],"wp:featuredmedia":[{"embeddable":true,"href":"https:\/\/primermomento.com\/index.php?rest_route=\/wp\/v2\/media\/452618"}],"wp:attachment":[{"href":"https:\/\/primermomento.com\/index.php?rest_route=%2Fwp%2Fv2%2Fmedia&parent=452617"}],"wp:term":[{"taxonomy":"category","embeddable":true,"href":"https:\/\/primermomento.com\/index.php?rest_route=%2Fwp%2Fv2%2Fcategories&post=452617"},{"taxonomy":"post_tag","embeddable":true,"href":"https:\/\/primermomento.com\/index.php?rest_route=%2Fwp%2Fv2%2Ftags&post=452617"}],"curies":[{"name":"wp","href":"https:\/\/api.w.org\/{rel}","templated":true}]}}