{"id":452714,"date":"2025-09-29T07:00:18","date_gmt":"2025-09-29T11:00:18","guid":{"rendered":"https:\/\/primermomento.com\/?p=452714"},"modified":"2025-09-29T11:35:30","modified_gmt":"2025-09-29T15:35:30","slug":"ministro-de-trabajo-dice-que-se-han-creado-300-mil-nuevos-empleos-en-2025","status":"publish","type":"post","link":"https:\/\/primermomento.com\/?p=452714","title":{"rendered":"Ministro de Trabajo dice que se han creado 300 mil nuevos empleos en 2025"},"content":{"rendered":"<p><strong><em>Por <span style=\"color: #ff0000;\">Servicios de Primermomento.com<\/span><\/em><\/strong><\/p>\n<p class=\"text-align-justify\">SANTO DOMINGO, Rep\u00fablica Dominicana.- El ministro de Trabajo, Eddy Olivares Ortega, destac\u00f3 el\u00a0desempe\u00f1o positivo\u00a0reportado por la Tesorer\u00eda de la Seguridad Social\u00a0(TSS)\u00a0durante el primer semestre de 2025, que reflej\u00f3 un\u00a0crecimiento sostenido\u00a0tanto en el n\u00famero de\u00a0trabajadores como de empleadores\u00a0cotizantes, en comparaci\u00f3n con el mismo per\u00edodo de 2024.<\/p>\n<p class=\"text-align-justify\"><em>\u201cSe trata de cifras que muestran un aumento constante de trabajadores formales de enero a junio de 2025 al sumarse m\u00e1s de 287,000 nuevos cotizantes, lo que representa un crecimiento interanual cercano al 13 %\u201d,<\/em>\u00a0se\u00f1al\u00f3 el ministro de Trabajo.<\/p>\n<p class=\"text-align-justify\">Olivares agreg\u00f3 que esta tendencia reafirma el\u00a0fortalecimiento de la formalizaci\u00f3n laboral y la ampliaci\u00f3n de la cobertura\u00a0del sistema de seguridad social.<\/p>\n<p class=\"text-align-justify\">En este mismo orden, el ministro se\u00f1al\u00f3 que los\u00a0empleadores\u00a0tambi\u00e9n registraron un\u00a0comportamiento favorable, lo que se refleja en el hecho de que entre enero y junio de 2025 se contabilizaron\u00a0entre 3,000 y 4,000 empresas adicionales\u00a0respecto a 2024.<\/p>\n<p class=\"text-align-justify\">Apunt\u00f3 que en junio de 2025 la cifra de empleadores fue de 106,021, superior a los 103,833 del mismo mes del pasado a\u00f1o 2024. La leve baja entre mayo y junio de 2025 fue positiva en relaci\u00f3n con el a\u00f1o pasado y no afecta la tendencia positiva global, ya que en t\u00e9rminos interanuales se mantiene un\u00a0crecimiento s\u00f3lido y sostenido.<\/p>\n<p class=\"text-align-justify\">Olivares agreg\u00f3 que, conforme a la TSS, para las estad\u00edsticas se deben tomar en cuenta\u00a0periodos de tiempo razonables, no de un mes a otro, debido a que los empleadores se pueden atrasar o tener acuerdos de pago, por lo que, por ejemplo, pueden producirse varios pagos en un mismo mes.<\/p>\n<p class=\"text-align-justify\">El ministro Olivares agreg\u00f3 que la proyecci\u00f3n conduce a que\u00a0este a\u00f1o ser\u00e1 mejor que el pasado, tanto en suma de dinero como en cantidad de cotizantes, lo que se aprecia en el hecho de que en los primeros nueve meses del 2025 han sido pagadas 30,000 facturas m\u00e1s que el mismo per\u00edodo en el a\u00f1o 2024.<\/p>\n<p class=\"text-align-justify\">Estos resultados reflejan un fortalecimiento integral del sistema de seguridad social, sustentado en\u00a0la consolidaci\u00f3n del empleo formal y en el incremento constante de la base empresarial\u00a0que cumple con sus responsabilidades como empleador.<\/p>\n<p class=\"text-align-justify\">El Ministerio de Trabajo reafirma su compromiso de seguir impulsando pol\u00edticas p\u00fablicas que promuevan\u00a0la formalizaci\u00f3n laboral, el cumplimiento de\u00a0obligaciones previsionales\u00a0y el fortalecimiento del sistema de\u00a0seguridad social, como\u00a0pilares fundamentales del desarrollo econ\u00f3mico y social del pa\u00eds.<\/p>\n","protected":false},"excerpt":{"rendered":"<p>Por Servicios de Primermomento.com SANTO DOMINGO, Rep\u00fablica Dominicana.- El ministro de Trabajo, Eddy Olivares Ortega, destac\u00f3 el\u00a0desempe\u00f1o positivo\u00a0reportado por la Tesorer\u00eda de la Seguridad Social\u00a0(TSS)\u00a0durante el primer semestre de 2025, que reflej\u00f3 un\u00a0crecimiento sostenido\u00a0tanto en el n\u00famero de\u00a0trabajadores como de empleadores\u00a0cotizantes, en comparaci\u00f3n con el mismo per\u00edodo de 2024. \u201cSe trata de cifras que muestran [&hellip;]<\/p>\n","protected":false},"author":1,"featured_media":452715,"comment_status":"open","ping_status":"open","sticky":false,"template":"","format":"standard","meta":{"_bbp_topic_count":0,"_bbp_reply_count":0,"_bbp_total_topic_count":0,"_bbp_total_reply_count":0,"_bbp_voice_count":0,"_bbp_anonymous_reply_count":0,"_bbp_topic_count_hidden":0,"_bbp_reply_count_hidden":0,"_bbp_forum_subforum_count":0,"footnotes":""},"categories":[35],"tags":[],"class_list":{"0":"post-452714","1":"post","2":"type-post","3":"status-publish","4":"format-standard","5":"has-post-thumbnail","7":"category-economia"},"_links":{"self":[{"href":"https:\/\/primermomento.com\/index.php?rest_route=\/wp\/v2\/posts\/452714","targetHints":{"allow":["GET"]}}],"collection":[{"href":"https:\/\/primermomento.com\/index.php?rest_route=\/wp\/v2\/posts"}],"about":[{"href":"https:\/\/primermomento.com\/index.php?rest_route=\/wp\/v2\/types\/post"}],"author":[{"embeddable":true,"href":"https:\/\/primermomento.com\/index.php?rest_route=\/wp\/v2\/users\/1"}],"replies":[{"embeddable":true,"href":"https:\/\/primermomento.com\/index.php?rest_route=%2Fwp%2Fv2%2Fcomments&post=452714"}],"version-history":[{"count":1,"href":"https:\/\/primermomento.com\/index.php?rest_route=\/wp\/v2\/posts\/452714\/revisions"}],"predecessor-version":[{"id":452716,"href":"https:\/\/primermomento.com\/index.php?rest_route=\/wp\/v2\/posts\/452714\/revisions\/452716"}],"wp:featuredmedia":[{"embeddable":true,"href":"https:\/\/primermomento.com\/index.php?rest_route=\/wp\/v2\/media\/452715"}],"wp:attachment":[{"href":"https:\/\/primermomento.com\/index.php?rest_route=%2Fwp%2Fv2%2Fmedia&parent=452714"}],"wp:term":[{"taxonomy":"category","embeddable":true,"href":"https:\/\/primermomento.com\/index.php?rest_route=%2Fwp%2Fv2%2Fcategories&post=452714"},{"taxonomy":"post_tag","embeddable":true,"href":"https:\/\/primermomento.com\/index.php?rest_route=%2Fwp%2Fv2%2Ftags&post=452714"}],"curies":[{"name":"wp","href":"https:\/\/api.w.org\/{rel}","templated":true}]}}