{"id":453011,"date":"2025-10-03T07:15:26","date_gmt":"2025-10-03T11:15:26","guid":{"rendered":"https:\/\/primermomento.com\/?p=453011"},"modified":"2025-10-03T12:03:36","modified_gmt":"2025-10-03T16:03:36","slug":"economia-dominicana-muestra-crecimiento-moderado-de-1-5-en-agosto","status":"publish","type":"post","link":"https:\/\/primermomento.com\/?p=453011","title":{"rendered":"Econom\u00eda dominicana muestra crecimiento moderado de 1.5 en agosto"},"content":{"rendered":"<p><em><strong>Por <span style=\"color: #ff0000;\">Prensa Latina<\/span><\/strong><\/em><\/p>\n<p>SANTO DOMINGO, Rep\u00fablica Dominicana.- La econom\u00eda de la Rep\u00fablica Dominicana registr\u00f3 un crecimiento interanual de 1.5 por ciento en agosto, inform\u00f3 hoy el Banco Central (BCRD) en cifras preliminares que reflejan una desaceleraci\u00f3n respecto a meses anteriores.<\/p>\n<p>Durante los primeros ocho meses de 2025, el Indicador Mensual de Actividad Econ\u00f3mica (IMAE) acumul\u00f3 un incremento de 2.3 por ciento, ligeramente inferior al 2.4 por ciento observado entre enero y julio.<\/p>\n<p>La menor expansi\u00f3n se concentr\u00f3 en sectores de alto encadenamiento productivo, como construcci\u00f3n y manufactura, seg\u00fan el informe del BCRD.<\/p>\n<p>El IMAE de agosto mostr\u00f3 un descenso de 1.4 puntos porcentuales frente al crecimiento de julio, cuando fue de 2.9 por ciento. Solo febrero (0.7 por ciento) y junio (1.1 por ciento) registraron tasas menores en lo que va del a\u00f1o.<\/p>\n<p>En su informe sobre la econom\u00eda en el primer semestre de 2025, la instituci\u00f3n atribuy\u00f3 la moderaci\u00f3n en el ritmo de expansi\u00f3n del IMAE a una desaceleraci\u00f3n de la demanda interna, especialmente de la inversi\u00f3n, componente sensible a los cambios en las expectativas de los agentes econ\u00f3micos, afectadas por la incertidumbre del entorno internacional.<\/p>\n<p>Para estimular la actividad, la instituci\u00f3n anunci\u00f3 esta semana la reducci\u00f3n de 25 puntos b\u00e1sicos en la tasa de pol\u00edtica monetaria, llev\u00e1ndola de 5.75 por ciento a 5.50 por ciento anual, con el objetivo de propiciar condiciones m\u00e1s flexibles que dinamicen la demanda interna.<\/p>\n<p>El BCRD subray\u00f3 que las medidas buscan mantener la estabilidad macroecon\u00f3mica mientras se promueven la inversi\u00f3n y el consumo en sectores estrat\u00e9gicos de la econom\u00eda nacional.<\/p>\n","protected":false},"excerpt":{"rendered":"<p>Por Prensa Latina SANTO DOMINGO, Rep\u00fablica Dominicana.- La econom\u00eda de la Rep\u00fablica Dominicana registr\u00f3 un crecimiento interanual de 1.5 por ciento en agosto, inform\u00f3 hoy el Banco Central (BCRD) en cifras preliminares que reflejan una desaceleraci\u00f3n respecto a meses anteriores. Durante los primeros ocho meses de 2025, el Indicador Mensual de Actividad Econ\u00f3mica (IMAE) acumul\u00f3 [&hellip;]<\/p>\n","protected":false},"author":1,"featured_media":453012,"comment_status":"open","ping_status":"open","sticky":false,"template":"","format":"standard","meta":{"_bbp_topic_count":0,"_bbp_reply_count":0,"_bbp_total_topic_count":0,"_bbp_total_reply_count":0,"_bbp_voice_count":0,"_bbp_anonymous_reply_count":0,"_bbp_topic_count_hidden":0,"_bbp_reply_count_hidden":0,"_bbp_forum_subforum_count":0,"footnotes":""},"categories":[35],"tags":[],"class_list":{"0":"post-453011","1":"post","2":"type-post","3":"status-publish","4":"format-standard","5":"has-post-thumbnail","7":"category-economia"},"_links":{"self":[{"href":"https:\/\/primermomento.com\/index.php?rest_route=\/wp\/v2\/posts\/453011","targetHints":{"allow":["GET"]}}],"collection":[{"href":"https:\/\/primermomento.com\/index.php?rest_route=\/wp\/v2\/posts"}],"about":[{"href":"https:\/\/primermomento.com\/index.php?rest_route=\/wp\/v2\/types\/post"}],"author":[{"embeddable":true,"href":"https:\/\/primermomento.com\/index.php?rest_route=\/wp\/v2\/users\/1"}],"replies":[{"embeddable":true,"href":"https:\/\/primermomento.com\/index.php?rest_route=%2Fwp%2Fv2%2Fcomments&post=453011"}],"version-history":[{"count":1,"href":"https:\/\/primermomento.com\/index.php?rest_route=\/wp\/v2\/posts\/453011\/revisions"}],"predecessor-version":[{"id":453013,"href":"https:\/\/primermomento.com\/index.php?rest_route=\/wp\/v2\/posts\/453011\/revisions\/453013"}],"wp:featuredmedia":[{"embeddable":true,"href":"https:\/\/primermomento.com\/index.php?rest_route=\/wp\/v2\/media\/453012"}],"wp:attachment":[{"href":"https:\/\/primermomento.com\/index.php?rest_route=%2Fwp%2Fv2%2Fmedia&parent=453011"}],"wp:term":[{"taxonomy":"category","embeddable":true,"href":"https:\/\/primermomento.com\/index.php?rest_route=%2Fwp%2Fv2%2Fcategories&post=453011"},{"taxonomy":"post_tag","embeddable":true,"href":"https:\/\/primermomento.com\/index.php?rest_route=%2Fwp%2Fv2%2Ftags&post=453011"}],"curies":[{"name":"wp","href":"https:\/\/api.w.org\/{rel}","templated":true}]}}