{"id":453216,"date":"2025-10-06T10:00:20","date_gmt":"2025-10-06T14:00:20","guid":{"rendered":"https:\/\/primermomento.com\/?p=453216"},"modified":"2025-10-06T17:02:22","modified_gmt":"2025-10-06T21:02:22","slug":"dominicana-ratifica-convenio-oit-sobre-responsabilidades-familiares","status":"publish","type":"post","link":"https:\/\/primermomento.com\/?p=453216","title":{"rendered":"Dominicana ratifica convenio OIT sobre responsabilidades familiares"},"content":{"rendered":"<p><em><strong>Por <span style=\"color: #ff0000;\">Prensa Latina<\/span><\/strong><\/em><\/p>\n<p>SANTO DOMINGO, Rep\u00fablica Dominicana.- El gobierno dominicano entreg\u00f3 al director general de la Organizaci\u00f3n Internacional del Trabajo (OIT), Gilbert Houngbo, el instrumento de ratificaci\u00f3n del Convenio 156 sobre los trabajadores con responsabilidades familiares, informaron hoy fuentes oficiales.<\/p>\n<div class=\"elementor-element elementor-element-0aea3a0 elementor-widget elementor-widget-theme-post-content\" data-id=\"0aea3a0\" data-element_type=\"widget\" data-widget_type=\"theme-post-content.default\">\n<div class=\"elementor-widget-container\">\n<p>El ministro de Trabajo, Eddy Olivares, present\u00f3 el documento a Houngbo en el marco de la Reuni\u00f3n Regional Americana de la OIT, celebrada en Punta Cana, donde participaron representantes de gobiernos, trabajadores y empleadores de la regi\u00f3n.<\/p>\n<p>De esta forma, el pa\u00eds reafirm\u00f3 su compromiso con la igualdad de oportunidades entre mujeres y hombres, as\u00ed como con la conciliaci\u00f3n entre la vida laboral y familiar, principios esenciales para la promoci\u00f3n del trabajo decente y la inclusi\u00f3n social, seg\u00fan la nota oficial.<\/p>\n<p>Durante la ceremonia, el ministro destac\u00f3 que la ratificaci\u00f3n del Convenio 156 representa un avance en la construcci\u00f3n de una sociedad m\u00e1s equitativa y justa, donde las responsabilidades familiares no constituyan un obst\u00e1culo para el acceso, permanencia o desarrollo en el empleo.<\/p>\n<p>Adoptado por la OIT en 1981, dicho Convenio establece que los trabajadores\/as con responsabilidades familiares deben poder ejercer su derecho al empleo sin sufrir discriminaci\u00f3n.<\/p>\n<p>Plantea, adem\u00e1s, que los Estados deben implementar pol\u00edticas que faciliten el equilibrio entre ambas obligaciones.<\/p>\n<\/div>\n<\/div>\n<div class=\"elementor-element elementor-element-4f75016 elementor-widget elementor-widget-post-info\" data-id=\"4f75016\" data-element_type=\"widget\" data-widget_type=\"post-info.default\">\n<div class=\"elementor-widget-container\">\n<ul class=\"elementor-inline-items elementor-icon-list-items elementor-post-info\">\n<li class=\"elementor-icon-list-item elementor-repeater-item-17dda3e elementor-inline-item\"><em><span class=\"elementor-icon-list-text elementor-post-info__item elementor-post-info__item--type-custom\">#<a href=\"https:\/\/primermomento.com\/?p=453216\" rel=\"tag\">convenio<\/a>\u00a0#<a href=\"https:\/\/primermomento.com\/?p=453216\" rel=\"tag\">oit<\/a>\u00a0#<a href=\"https:\/\/primermomento.com\/?p=453216\" rel=\"tag\">trabajadores con responsabilidades familiares<\/a><\/span><\/em><\/li>\n<\/ul>\n<\/div>\n<\/div>\n","protected":false},"excerpt":{"rendered":"<p>Por Prensa Latina SANTO DOMINGO, Rep\u00fablica Dominicana.- El gobierno dominicano entreg\u00f3 al director general de la Organizaci\u00f3n Internacional del Trabajo (OIT), Gilbert Houngbo, el instrumento de ratificaci\u00f3n del Convenio 156 sobre los trabajadores con responsabilidades familiares, informaron hoy fuentes oficiales. El ministro de Trabajo, Eddy Olivares, present\u00f3 el documento a Houngbo en el marco de [&hellip;]<\/p>\n","protected":false},"author":1,"featured_media":453217,"comment_status":"open","ping_status":"open","sticky":false,"template":"","format":"standard","meta":{"_bbp_topic_count":0,"_bbp_reply_count":0,"_bbp_total_topic_count":0,"_bbp_total_reply_count":0,"_bbp_voice_count":0,"_bbp_anonymous_reply_count":0,"_bbp_topic_count_hidden":0,"_bbp_reply_count_hidden":0,"_bbp_forum_subforum_count":0,"footnotes":""},"categories":[35],"tags":[],"class_list":{"0":"post-453216","1":"post","2":"type-post","3":"status-publish","4":"format-standard","5":"has-post-thumbnail","7":"category-economia"},"_links":{"self":[{"href":"https:\/\/primermomento.com\/index.php?rest_route=\/wp\/v2\/posts\/453216","targetHints":{"allow":["GET"]}}],"collection":[{"href":"https:\/\/primermomento.com\/index.php?rest_route=\/wp\/v2\/posts"}],"about":[{"href":"https:\/\/primermomento.com\/index.php?rest_route=\/wp\/v2\/types\/post"}],"author":[{"embeddable":true,"href":"https:\/\/primermomento.com\/index.php?rest_route=\/wp\/v2\/users\/1"}],"replies":[{"embeddable":true,"href":"https:\/\/primermomento.com\/index.php?rest_route=%2Fwp%2Fv2%2Fcomments&post=453216"}],"version-history":[{"count":1,"href":"https:\/\/primermomento.com\/index.php?rest_route=\/wp\/v2\/posts\/453216\/revisions"}],"predecessor-version":[{"id":453218,"href":"https:\/\/primermomento.com\/index.php?rest_route=\/wp\/v2\/posts\/453216\/revisions\/453218"}],"wp:featuredmedia":[{"embeddable":true,"href":"https:\/\/primermomento.com\/index.php?rest_route=\/wp\/v2\/media\/453217"}],"wp:attachment":[{"href":"https:\/\/primermomento.com\/index.php?rest_route=%2Fwp%2Fv2%2Fmedia&parent=453216"}],"wp:term":[{"taxonomy":"category","embeddable":true,"href":"https:\/\/primermomento.com\/index.php?rest_route=%2Fwp%2Fv2%2Fcategories&post=453216"},{"taxonomy":"post_tag","embeddable":true,"href":"https:\/\/primermomento.com\/index.php?rest_route=%2Fwp%2Fv2%2Ftags&post=453216"}],"curies":[{"name":"wp","href":"https:\/\/api.w.org\/{rel}","templated":true}]}}