{"id":453353,"date":"2025-10-08T08:00:44","date_gmt":"2025-10-08T12:00:44","guid":{"rendered":"https:\/\/primermomento.com\/?p=453353"},"modified":"2025-10-08T13:30:25","modified_gmt":"2025-10-08T17:30:25","slug":"sube-el-trabajo-por-cuenta-propia-en-la-republica-dominicana","status":"publish","type":"post","link":"https:\/\/primermomento.com\/?p=453353","title":{"rendered":"Sube el trabajo por cuenta propia en la Rep\u00fablica Dominicana"},"content":{"rendered":"<p><strong><em>Por <span style=\"color: #ff0000;\">Prensa Latina<\/span><\/em><\/strong><\/p>\n<p>SANTO DOMINGO, Rep\u00fablica Dominicana.- La reducci\u00f3n de la tasa de trabajo informal es un tema pendiente hoy en la Rep\u00fablica Dominicana, al concentrar dos millones 351 mil 757 personas (45.9 por ciento), seg\u00fan el Bolet\u00edn Trimestral del Mercado Laboral del Banco Central (BCRD).<\/p>\n<div class=\"elementor-element elementor-element-0aea3a0 elementor-widget elementor-widget-theme-post-content\" data-id=\"0aea3a0\" data-element_type=\"widget\" data-widget_type=\"theme-post-content.default\">\n<div class=\"elementor-widget-container\">\n<p>Las cifras corresponden al segundo trimestre de este a\u00f1o y precisan que el 73.88 por ciento corresponde a trabajadores por cuenta propia, el 16.42 por ciento a empleados privados, el 7.25 por ciento a patronos o socios activos, y el 2.42 por ciento a familiares no remunerados.<\/p>\n<p>Al comparar los resultados con el primer trimestre, se evidencia un crecimiento de 29 mil 269 nuevos trabajadores independientes en el sector informal, reflejo de la expansi\u00f3n de actividades no registradas y del emprendimiento particular.<\/p>\n<p>De cinco millones 123 mil 548 personas ocupadas en el pa\u00eds en el per\u00edodo analizado, dos millones 517 mil 565 (49.13 por ciento) se ubicaba en el sector formal.<\/p>\n<p>En total, la poblaci\u00f3n ocupada del pa\u00eds experiment\u00f3 una variaci\u00f3n positiva de 2.9 por ciento, equivalente a 142 mil 364 nuevos empleos, impulsada principalmente por los profesionales e intelectuales (42 mil 728), operadores y conductores (23 mil 411), y trabajadores de los servicios (20 mil 123).<\/p>\n<p>En cambio, la mano de obra no calificada mostr\u00f3 una ca\u00edda de 14 mil 728 personas.<\/p>\n<p>Por grupos de edad, la mayor inserci\u00f3n laboral se concentr\u00f3 entre los adultos de 25 a 39 a\u00f1os, que representaron el 44.5 por ciento de los nuevos ocupados (63 mil 362 personas).<\/p>\n<p>Le siguieron los trabajadores de 40 a 59 a\u00f1os (34.9 por ciento), los mayores de 60 (11.1 por ciento), y los j\u00f3venes de 15 a 24 a\u00f1os (9.5 por ciento).<\/p>\n<p>De acuerdo con la Encuesta Nacional Continua de Fuerza de Trabajo, el sector informal mantuvo una participaci\u00f3n promedio del 48.7 por ciento de la poblaci\u00f3n ocupada en los \u00faltimos 12 meses, mientras el formal represent\u00f3 el 51.3 por ciento, excluyendo el servicio dom\u00e9stico.<\/p>\n<\/div>\n<\/div>\n<div class=\"elementor-element elementor-element-4f75016 elementor-widget elementor-widget-post-info\" data-id=\"4f75016\" data-element_type=\"widget\" data-widget_type=\"post-info.default\">\n<div class=\"elementor-widget-container\">\n<ul class=\"elementor-inline-items elementor-icon-list-items elementor-post-info\">\n<li class=\"elementor-icon-list-item elementor-repeater-item-17dda3e elementor-inline-item\"><em><span class=\"elementor-icon-list-text elementor-post-info__item elementor-post-info__item--type-custom\">#<a href=\"https:\/\/primermomento.com\/?p=453353\" rel=\"tag\">informalidad<\/a>\u00a0#<a href=\"https:\/\/primermomento.com\/?p=453353\" rel=\"tag\">trabajo por cuenta propia<\/a><\/span><\/em><\/li>\n<\/ul>\n<\/div>\n<\/div>\n","protected":false},"excerpt":{"rendered":"<p>Por Prensa Latina SANTO DOMINGO, Rep\u00fablica Dominicana.- La reducci\u00f3n de la tasa de trabajo informal es un tema pendiente hoy en la Rep\u00fablica Dominicana, al concentrar dos millones 351 mil 757 personas (45.9 por ciento), seg\u00fan el Bolet\u00edn Trimestral del Mercado Laboral del Banco Central (BCRD). Las cifras corresponden al segundo trimestre de este a\u00f1o [&hellip;]<\/p>\n","protected":false},"author":1,"featured_media":403945,"comment_status":"open","ping_status":"open","sticky":false,"template":"","format":"standard","meta":{"_bbp_topic_count":0,"_bbp_reply_count":0,"_bbp_total_topic_count":0,"_bbp_total_reply_count":0,"_bbp_voice_count":0,"_bbp_anonymous_reply_count":0,"_bbp_topic_count_hidden":0,"_bbp_reply_count_hidden":0,"_bbp_forum_subforum_count":0,"footnotes":""},"categories":[35],"tags":[],"class_list":{"0":"post-453353","1":"post","2":"type-post","3":"status-publish","4":"format-standard","5":"has-post-thumbnail","7":"category-economia"},"_links":{"self":[{"href":"https:\/\/primermomento.com\/index.php?rest_route=\/wp\/v2\/posts\/453353","targetHints":{"allow":["GET"]}}],"collection":[{"href":"https:\/\/primermomento.com\/index.php?rest_route=\/wp\/v2\/posts"}],"about":[{"href":"https:\/\/primermomento.com\/index.php?rest_route=\/wp\/v2\/types\/post"}],"author":[{"embeddable":true,"href":"https:\/\/primermomento.com\/index.php?rest_route=\/wp\/v2\/users\/1"}],"replies":[{"embeddable":true,"href":"https:\/\/primermomento.com\/index.php?rest_route=%2Fwp%2Fv2%2Fcomments&post=453353"}],"version-history":[{"count":1,"href":"https:\/\/primermomento.com\/index.php?rest_route=\/wp\/v2\/posts\/453353\/revisions"}],"predecessor-version":[{"id":453354,"href":"https:\/\/primermomento.com\/index.php?rest_route=\/wp\/v2\/posts\/453353\/revisions\/453354"}],"wp:featuredmedia":[{"embeddable":true,"href":"https:\/\/primermomento.com\/index.php?rest_route=\/wp\/v2\/media\/403945"}],"wp:attachment":[{"href":"https:\/\/primermomento.com\/index.php?rest_route=%2Fwp%2Fv2%2Fmedia&parent=453353"}],"wp:term":[{"taxonomy":"category","embeddable":true,"href":"https:\/\/primermomento.com\/index.php?rest_route=%2Fwp%2Fv2%2Fcategories&post=453353"},{"taxonomy":"post_tag","embeddable":true,"href":"https:\/\/primermomento.com\/index.php?rest_route=%2Fwp%2Fv2%2Ftags&post=453353"}],"curies":[{"name":"wp","href":"https:\/\/api.w.org\/{rel}","templated":true}]}}