{"id":453440,"date":"2025-10-09T09:36:12","date_gmt":"2025-10-09T13:36:12","guid":{"rendered":"https:\/\/primermomento.com\/?p=453440"},"modified":"2025-10-09T14:40:07","modified_gmt":"2025-10-09T18:40:07","slug":"inflacion-en-dominicana-se-mantuvo-en-3-76-por-ciento-en-septiembre","status":"publish","type":"post","link":"https:\/\/primermomento.com\/?p=453440","title":{"rendered":"Inflaci\u00f3n en Dominicana se mantuvo en 3.76 por ciento en septiembre"},"content":{"rendered":"<p><strong><em>Por <span style=\"color: #ff0000;\">Prensa Latina<\/span><\/em><\/strong><\/p>\n<p>SANTO DOMINGO, Rep\u00fablica Dominicana.- El \u00edndice de precios al consumidor (IPC) registr\u00f3 una variaci\u00f3n mensual de 0.34 por ciento en septiembre en la Rep\u00fablica Dominicana, mientras que la inflaci\u00f3n interanual se situ\u00f3 en 3.76 por ciento, inform\u00f3 hoy el Banco Central (BCRD)<\/p>\n<div class=\"elementor-element elementor-element-0aea3a0 elementor-widget elementor-widget-theme-post-content\" data-id=\"0aea3a0\" data-element_type=\"widget\" data-widget_type=\"theme-post-content.default\">\n<div class=\"elementor-widget-container\">\n<p>La entidad indic\u00f3 que la inflaci\u00f3n subyacente interanual fue de 4.35 por ciento, lo cual permite extraer se\u00f1ales para la conducci\u00f3n de la pol\u00edtica monetaria, debido a que excluye algunos art\u00edculos que regularmente no responden a las condiciones de liquidez en la econom\u00eda.<\/p>\n<p>En ese sentido cit\u00f3 alimentos con gran variabilidad en sus precios, los combustibles y servicios con importes regulados como la tarifa el\u00e9ctrica, el transporte, adem\u00e1s de las bebidas alcoh\u00f3licas y el tabaco.<\/p>\n<p>Al analizar los resultados de la variaci\u00f3n mensual del IPC general en septiembre, precis\u00f3 que entre los grupos de mayor incidencia en la inflaci\u00f3n figuran Alimentos y Bebidas No Alcoh\u00f3licas, Educaci\u00f3n, Restaurantes y Hoteles, Bebidas Alcoh\u00f3licas, adem\u00e1s de Tabaco y Servicios Diversos.<\/p>\n<p>En contraste, los rubros Transporte (-0.13 por ciento), Recreaci\u00f3n y Cultura (-0.63 por ciento) y Comunicaciones (-0.44 por ciento) registraron disminuciones en sus precios, contribuyendo a moderar la inflaci\u00f3n general, se\u00f1al\u00f3 el BCRD.<\/p>\n<\/div>\n<\/div>\n<div class=\"elementor-element elementor-element-4f75016 elementor-widget elementor-widget-post-info\" data-id=\"4f75016\" data-element_type=\"widget\" data-widget_type=\"post-info.default\">\n<div class=\"elementor-widget-container\">\n<ul class=\"elementor-inline-items elementor-icon-list-items elementor-post-info\">\n<li class=\"elementor-icon-list-item elementor-repeater-item-17dda3e elementor-inline-item\"><span class=\"elementor-icon-list-text elementor-post-info__item elementor-post-info__item--type-custom\">#<em><a href=\"https:\/\/primermomento.com\/?p=453440\" rel=\"tag\">IPC septiembre<\/a><\/em><\/span><\/li>\n<\/ul>\n<\/div>\n<\/div>\n","protected":false},"excerpt":{"rendered":"<p>Por Prensa Latina SANTO DOMINGO, Rep\u00fablica Dominicana.- El \u00edndice de precios al consumidor (IPC) registr\u00f3 una variaci\u00f3n mensual de 0.34 por ciento en septiembre en la Rep\u00fablica Dominicana, mientras que la inflaci\u00f3n interanual se situ\u00f3 en 3.76 por ciento, inform\u00f3 hoy el Banco Central (BCRD) La entidad indic\u00f3 que la inflaci\u00f3n subyacente interanual fue de [&hellip;]<\/p>\n","protected":false},"author":1,"featured_media":444876,"comment_status":"open","ping_status":"open","sticky":false,"template":"","format":"standard","meta":{"_bbp_topic_count":0,"_bbp_reply_count":0,"_bbp_total_topic_count":0,"_bbp_total_reply_count":0,"_bbp_voice_count":0,"_bbp_anonymous_reply_count":0,"_bbp_topic_count_hidden":0,"_bbp_reply_count_hidden":0,"_bbp_forum_subforum_count":0,"footnotes":""},"categories":[35],"tags":[],"class_list":{"0":"post-453440","1":"post","2":"type-post","3":"status-publish","4":"format-standard","5":"has-post-thumbnail","7":"category-economia"},"_links":{"self":[{"href":"https:\/\/primermomento.com\/index.php?rest_route=\/wp\/v2\/posts\/453440","targetHints":{"allow":["GET"]}}],"collection":[{"href":"https:\/\/primermomento.com\/index.php?rest_route=\/wp\/v2\/posts"}],"about":[{"href":"https:\/\/primermomento.com\/index.php?rest_route=\/wp\/v2\/types\/post"}],"author":[{"embeddable":true,"href":"https:\/\/primermomento.com\/index.php?rest_route=\/wp\/v2\/users\/1"}],"replies":[{"embeddable":true,"href":"https:\/\/primermomento.com\/index.php?rest_route=%2Fwp%2Fv2%2Fcomments&post=453440"}],"version-history":[{"count":1,"href":"https:\/\/primermomento.com\/index.php?rest_route=\/wp\/v2\/posts\/453440\/revisions"}],"predecessor-version":[{"id":453441,"href":"https:\/\/primermomento.com\/index.php?rest_route=\/wp\/v2\/posts\/453440\/revisions\/453441"}],"wp:featuredmedia":[{"embeddable":true,"href":"https:\/\/primermomento.com\/index.php?rest_route=\/wp\/v2\/media\/444876"}],"wp:attachment":[{"href":"https:\/\/primermomento.com\/index.php?rest_route=%2Fwp%2Fv2%2Fmedia&parent=453440"}],"wp:term":[{"taxonomy":"category","embeddable":true,"href":"https:\/\/primermomento.com\/index.php?rest_route=%2Fwp%2Fv2%2Fcategories&post=453440"},{"taxonomy":"post_tag","embeddable":true,"href":"https:\/\/primermomento.com\/index.php?rest_route=%2Fwp%2Fv2%2Ftags&post=453440"}],"curies":[{"name":"wp","href":"https:\/\/api.w.org\/{rel}","templated":true}]}}